{"id":282,"date":"2011-11-24T09:20:20","date_gmt":"2011-11-24T08:20:20","guid":{"rendered":"http:\/\/www.observatoriodelainfancia.es\/caam\/?p=282"},"modified":"2012-04-23T09:29:14","modified_gmt":"2012-04-23T08:29:14","slug":"contenidos-audiovisuales-al-servicio-de-la-alfabetizacion-mediatica","status":"publish","type":"post","link":"https:\/\/www.observatoriodelainfancia.es\/caam\/contenidos-audiovisuales-al-servicio-de-la-alfabetizacion-mediatica\/","title":{"rendered":"Contenidos audiovisuales al servicio de la alfabetizaci\u00f3n medi\u00e1tica"},"content":{"rendered":"<p style=\"text-align: justify;\"><img loading=\"lazy\" class=\"alignleft\" title=\"Acceso\" src=\"http:\/\/www.juntadeandalucia.es\/observatoriodelainfancia\/caam\/wp-content\/uploads\/2011\/11\/jornadas_alfabetizacion_mediatica.jpg\" alt=\"Cartel\" width=\"178\" height=\"250\" \/>El Consejo Audiovisual de Andaluc\u00eda (CAA) celebr\u00f3 el pasado 27 de octubre, en colaboraci\u00f3n con el Consejo Escolar de Andaluc\u00eda,<a onclick=\"window.open('http:\/\/www.juntadeandalucia.es\/observatoriodelainfancia\/caam\/wp-content\/uploads\/2011\/11\/jornadas_alfabetizacion_mediatica.jpg','','');return false;\" href=\"http:\/\/www.juntadeandalucia.es\/observatoriodelainfancia\/caam\/wp-content\/uploads\/2011\/11\/jornadas_alfabetizacion_mediatica.jpg\"> la jornada \u00abAlfabetizaci\u00f3n medi\u00e1tica y menores\u00bb<\/a>. El objetivo de esta jornada ha sido fomentar un proceso de reflexi\u00f3n a partir del cual se establezcan las bases de un plan de actuaci\u00f3n dirigido a lograr que nuestros j\u00f3venes est\u00e9n mejor capacitados para cribar los mensajes que emiten los medios. La alfabetizaci\u00f3n medi\u00e1tica de los menores forma parte de un eje de actuaci\u00f3n fundamental para el CAA.<\/p>\n<p style=\"text-align: justify;\">En nombre de nuestro consejo, intervino el vocal Antonio Manfredi, periodista, en el marco del acuerdo de colaboraci\u00f3n entre ambas instituciones. Su intervenci\u00f3n se centr\u00f3 en la alfabetizaci\u00f3n medi\u00e1tica de los contenidos audiovisuales. Aqu\u00ed tienen la intervenci\u00f3n completa.<\/p>\n<p>\n<object width=\"420\" height=\"315\"><param name=\"movie\" value=\"http:\/\/www.youtube.com\/v\/zpUc15epFn4?version=3&amp;hl=es_ES&amp;rel=0\" \/><param name=\"allowFullScreen\" value=\"true\" \/><param name=\"allowscriptaccess\" value=\"always\" \/><embed type=\"application\/x-shockwave-flash\" width=\"420\" height=\"315\" src=\"http:\/\/www.youtube.com\/v\/zpUc15epFn4?version=3&amp;hl=es_ES&amp;rel=0\" allowscriptaccess=\"always\" allowfullscreen=\"true\"><\/embed><\/object><\/p>\n","protected":false},"excerpt":{"rendered":"<p>El Consejo Audiovisual de Andaluc\u00eda (CAA) celebr\u00f3 el pasado 27 de octubre, en colaboraci\u00f3n con el Consejo Escolar de Andaluc\u00eda, la jornada \u00abAlfabetizaci\u00f3n medi\u00e1tica y menores\u00bb. El objetivo de esta jornada ha sido fomentar un proceso de reflexi\u00f3n a partir &hellip; <a href=\"https:\/\/www.observatoriodelainfancia.es\/caam\/contenidos-audiovisuales-al-servicio-de-la-alfabetizacion-mediatica\/\">Sigue leyendo <span class=\"meta-nav\">&rarr;<\/span><\/a><\/p>\n","protected":false},"author":2,"featured_media":0,"comment_status":"closed","ping_status":"open","sticky":false,"template":"","format":"standard","meta":[],"categories":[5,1,7],"tags":[35,18,19,36],"_links":{"self":[{"href":"https:\/\/www.observatoriodelainfancia.es\/caam\/wp-json\/wp\/v2\/posts\/282"}],"collection":[{"href":"https:\/\/www.observatoriodelainfancia.es\/caam\/wp-json\/wp\/v2\/posts"}],"about":[{"href":"https:\/\/www.observatoriodelainfancia.es\/caam\/wp-json\/wp\/v2\/types\/post"}],"author":[{"embeddable":true,"href":"https:\/\/www.observatoriodelainfancia.es\/caam\/wp-json\/wp\/v2\/users\/2"}],"replies":[{"embeddable":true,"href":"https:\/\/www.observatoriodelainfancia.es\/caam\/wp-json\/wp\/v2\/comments?post=282"}],"version-history":[{"count":3,"href":"https:\/\/www.observatoriodelainfancia.es\/caam\/wp-json\/wp\/v2\/posts\/282\/revisions"}],"predecessor-version":[{"id":391,"href":"https:\/\/www.observatoriodelainfancia.es\/caam\/wp-json\/wp\/v2\/posts\/282\/revisions\/391"}],"wp:attachment":[{"href":"https:\/\/www.observatoriodelainfancia.es\/caam\/wp-json\/wp\/v2\/media?parent=282"}],"wp:term":[{"taxonomy":"category","embeddable":true,"href":"https:\/\/www.observatoriodelainfancia.es\/caam\/wp-json\/wp\/v2\/categories?post=282"},{"taxonomy":"post_tag","embeddable":true,"href":"https:\/\/www.observatoriodelainfancia.es\/caam\/wp-json\/wp\/v2\/tags?post=282"}],"curies":[{"name":"wp","href":"https:\/\/api.w.org\/{rel}","templated":true}]}}