{"id":455,"date":"2013-06-19T00:30:59","date_gmt":"2013-06-18T23:30:59","guid":{"rendered":"http:\/\/www.observatoriodelainfancia.es\/caam\/?p=455"},"modified":"2013-06-19T00:30:59","modified_gmt":"2013-06-18T23:30:59","slug":"el-consejo-andaluz-de-asuntos-de-menores-pide-mas-inversion-en-los-servicios-de-salud-mental-de-ninos-y-adolescentes","status":"publish","type":"post","link":"https:\/\/www.observatoriodelainfancia.es\/caam\/el-consejo-andaluz-de-asuntos-de-menores-pide-mas-inversion-en-los-servicios-de-salud-mental-de-ninos-y-adolescentes\/","title":{"rendered":"El Consejo Andaluz de Asuntos de Menores pide m\u00e1s inversi\u00f3n en los servicios de Salud Mental de Ni\u00f1os y Adolescentes"},"content":{"rendered":"<p style=\"text-align: justify;\">El Consejo profundiza en todos los sistemas de atenci\u00f3n a ni\u00f1os y adolescentes en Salud Mental y pide una mayor implicaci\u00f3n de todos los sectores y, sobre todo, una mejor coordinaci\u00f3n, especialmente ahora, en que en Andaluc\u00eda hay una Direcci\u00f3n \u00fanica en Salud y Bienestar Social<\/p>\n<p style=\"text-align: justify;\"><a href=\"https:\/\/www.observatoriodelainfancia.es\/caam\/wp-content\/uploads\/2013\/06\/presdiencia1.jpg\"><img loading=\"lazy\" class=\"alignleft size-full wp-image-458\" title=\"presdiencia\" src=\"https:\/\/www.observatoriodelainfancia.es\/caam\/wp-content\/uploads\/2013\/06\/presdiencia1.jpg\" alt=\"\" width=\"600\" height=\"172\" srcset=\"https:\/\/www.observatoriodelainfancia.es\/caam\/wp-content\/uploads\/2013\/06\/presdiencia1.jpg 600w, https:\/\/www.observatoriodelainfancia.es\/caam\/wp-content\/uploads\/2013\/06\/presdiencia1-300x86.jpg 300w\" sizes=\"(max-width: 600px) 100vw, 600px\" \/><\/a>En su \u00faltima reuni\u00f3n celebrada el 3 de junio del 2013, el Consejo Andaluz de Asuntos de Menores (\u00f3rgano consultivo adscrito a la Direcci\u00f3n General de Personas Mayores, Infancia y Familias de la Consejer\u00eda de Salud y Bienestar Social) hizo un estudio sobre la Salud Mental Infanto-juvenil en nuestra comunidad, coordinado por el\u00a0 Psic\u00f3logo cl\u00ednico Pablo Garc\u00eda T\u00fanez, a partir de un informe de la Escuela Andaluza de Salud P\u00fablica y un informe del Observatorio de la Infancia de Andaluc\u00eda, sobre las Instituciones que en este momento atienden a la Salud Mental de Ni\u00f1os y Adolescentes en nuestra comunidad, desde todos los puntos de vista (r\u00e9gimen, objetivos, m\u00e9todos, poblaci\u00f3n, etc).<\/p>\n<p style=\"text-align: justify;\">Pablo Garc\u00eda T\u00fanez, sobre la base de las informaciones expuestas, propuso una revisi\u00f3n de todos los antecedentes y realidades relacionadas con la Coordinaci\u00f3n Salud-Educaci\u00f3n-Servicios Sociales-Justicia en esta \u00f3rbita de la Salud Mental Infanto-juvenil, con el objetivo de concretarse desde el Consejo\u00a0 una serie de aportaciones \/ sugerencias con perspectiva de futuro, favorecido por la actual situaci\u00f3n de direcci\u00f3n \u00fanica en Salud y Bienestar Social.<\/p>\n<p style=\"text-align: justify;\">Igualmente, el Consejo fue informado del contenido de la Reuni\u00f3n de la Comisi\u00f3n Inter auton\u00f3mica de Directores Generales de Infancia, celebrada en Madrid los pasados d\u00edas 15 y 16 de abril, especialmente en lo que se refiere al borrador del Anteproyecto de ley de actualizaci\u00f3n de la legislaci\u00f3n sobre Protecci\u00f3n a la Infancia. Andaluc\u00eda ha realizado varias propuestas de mejora, pues estamos ante un cambio legislativo de mucha importancia, por ejemplo en un tema tan importante como el acogimiento temporal de menores en desamparo.<\/p>\n","protected":false},"excerpt":{"rendered":"<p>El Consejo profundiza en todos los sistemas de atenci\u00f3n a ni\u00f1os y adolescentes en Salud Mental y pide una mayor implicaci\u00f3n de todos los sectores y, sobre todo, una mejor coordinaci\u00f3n, especialmente ahora, en que en Andaluc\u00eda hay una Direcci\u00f3n &hellip; <a href=\"https:\/\/www.observatoriodelainfancia.es\/caam\/el-consejo-andaluz-de-asuntos-de-menores-pide-mas-inversion-en-los-servicios-de-salud-mental-de-ninos-y-adolescentes\/\">Sigue leyendo <span class=\"meta-nav\">&rarr;<\/span><\/a><\/p>\n","protected":false},"author":2,"featured_media":0,"comment_status":"closed","ping_status":"open","sticky":false,"template":"","format":"standard","meta":[],"categories":[7],"tags":[76,77],"_links":{"self":[{"href":"https:\/\/www.observatoriodelainfancia.es\/caam\/wp-json\/wp\/v2\/posts\/455"}],"collection":[{"href":"https:\/\/www.observatoriodelainfancia.es\/caam\/wp-json\/wp\/v2\/posts"}],"about":[{"href":"https:\/\/www.observatoriodelainfancia.es\/caam\/wp-json\/wp\/v2\/types\/post"}],"author":[{"embeddable":true,"href":"https:\/\/www.observatoriodelainfancia.es\/caam\/wp-json\/wp\/v2\/users\/2"}],"replies":[{"embeddable":true,"href":"https:\/\/www.observatoriodelainfancia.es\/caam\/wp-json\/wp\/v2\/comments?post=455"}],"version-history":[{"count":2,"href":"https:\/\/www.observatoriodelainfancia.es\/caam\/wp-json\/wp\/v2\/posts\/455\/revisions"}],"predecessor-version":[{"id":459,"href":"https:\/\/www.observatoriodelainfancia.es\/caam\/wp-json\/wp\/v2\/posts\/455\/revisions\/459"}],"wp:attachment":[{"href":"https:\/\/www.observatoriodelainfancia.es\/caam\/wp-json\/wp\/v2\/media?parent=455"}],"wp:term":[{"taxonomy":"category","embeddable":true,"href":"https:\/\/www.observatoriodelainfancia.es\/caam\/wp-json\/wp\/v2\/categories?post=455"},{"taxonomy":"post_tag","embeddable":true,"href":"https:\/\/www.observatoriodelainfancia.es\/caam\/wp-json\/wp\/v2\/tags?post=455"}],"curies":[{"name":"wp","href":"https:\/\/api.w.org\/{rel}","templated":true}]}}