{"id":1015,"date":"2018-01-23T13:57:37","date_gmt":"2018-01-23T12:57:37","guid":{"rendered":"http:\/\/www.observatoriodelainfancia.es\/participanda\/?p=1015"},"modified":"2020-12-14T14:03:55","modified_gmt":"2020-12-14T13:03:55","slug":"la-vida-en-el-centro","status":"publish","type":"post","link":"https:\/\/www.observatoriodelainfancia.es\/participanda\/la-vida-en-el-centro\/","title":{"rendered":"La Vida en el Centro"},"content":{"rendered":"<h2>Impulsa: Colectivo de Educaci\u00f3n para la Participaci\u00f3n-CRAC y Ecotono S. Coop. And.<\/h2>\n<p>La propuesta \u00a0<a href=\"http:\/\/www.lavidaenelcentro.org\/\" target=\"_blank\" rel=\"noopener\">La Vida en el Centro<\/a> ofrece herramientas conceptuales y metodol\u00f3gicas que permiten la puesta en marcha de procesos participativos en los centros educativos que integren criterios de sostenibilidad y justicia ecosocial y g\u00e9nero. Se parte originalmente de un <em>Participatest<\/em>, una herramienta de autodiagn\u00f3stico que deriva a una de las tres propuestas de acci\u00f3n: acciones de sensibilizaci\u00f3n, acci\u00f3n transformadora y acciones de organizaci\u00f3n o an\u00e1lisis de los contextos de participaci\u00f3n en los propios centros. Se han dise\u00f1ado diferentes itinerarios para primaria, secundaria, esnse\u00f1anzas medias o contexto universitario. En Andaluc\u00eda se desarrolla con el acompa\u00f1amiento de <a href=\"http:\/\/ecotonored.es\/\" target=\"_blank\" rel=\"noopener\">Ecotono<\/a> y el \u00a0<a href=\"http:\/\/redasociativa.org\/crac\/\" target=\"_blank\" rel=\"noopener\">Equipo CRAC<\/a>. Tambi\u00e9n est\u00e1 disponible para realizarlo desde cualquier Comunidad Aut\u00f3noma.<\/p>\n<p><a href=\"https:\/\/www.observatoriodelainfancia.es\/participanda\/la-vida-en-el-centro\/capturaweblavidaenelcentro\/\" rel=\"attachment wp-att-1016\"><img loading=\"lazy\" class=\"aligncenter wp-image-1016 \" src=\"https:\/\/www.observatoriodelainfancia.es\/participanda\/wp-content\/uploads\/2018\/01\/CapturaWEBLaVidaenelCentro-300x219.png\" alt=\"CapturaWEBLaVidaenelCentro\" width=\"494\" height=\"361\" srcset=\"https:\/\/www.observatoriodelainfancia.es\/participanda\/wp-content\/uploads\/2018\/01\/CapturaWEBLaVidaenelCentro-300x219.png 300w, https:\/\/www.observatoriodelainfancia.es\/participanda\/wp-content\/uploads\/2018\/01\/CapturaWEBLaVidaenelCentro-768x561.png 768w, https:\/\/www.observatoriodelainfancia.es\/participanda\/wp-content\/uploads\/2018\/01\/CapturaWEBLaVidaenelCentro-1024x748.png 1024w, https:\/\/www.observatoriodelainfancia.es\/participanda\/wp-content\/uploads\/2018\/01\/CapturaWEBLaVidaenelCentro.png 1089w\" sizes=\"(max-width: 494px) 100vw, 494px\" \/><!--more--><\/a><\/p>\n<p>Es importante tener en cuenta que las aut\u00e9nticas protagonistas de las propuestas son los grupos de estudiantes en compa\u00f1\u00eda de agentes que facilitan el proceso, que podr\u00e1n ser:<\/p>\n<ul>\n<li>Profesorado de primaria, secundaria y ense\u00f1anzas medias<\/li>\n<li>Equipos directivos de primaria, secundaria y ense\u00f1anzas medias<\/li>\n<li>Personas dinamizadoras de entidades juveniles relacionadas con centros educativos<\/li>\n<li>Personas dinamizadoras de entidades estudiantiles<\/li>\n<li>Personas con responsabilidades en Asociaciones de Padres y Madres de Alumnado (AMPAS)<\/li>\n<li>Personal t\u00e9cnico de juventud (PTJ\u2019s)<\/li>\n<li>Personas t\u00e9cnico de Administraciones y entidades del Tercer Sector relacionadas con infancia y juventud.<\/li>\n<\/ul>\n<h2>\u00bfC\u00f3mo surge esta iniciativa?<\/h2>\n<p>Este proyecto es el resultado de un trabajo conjunto entre el el <a href=\"http:\/\/redasociativa.org\/crac\/\" target=\"_blank\" rel=\"noopener\">Colectivo de Educaci\u00f3n para la Participaci\u00f3n (CRAC)<\/a> y la <a href=\"http:\/\/ecotonored.es\/\" target=\"_blank\" rel=\"noopener\">Ecotono S. Coop. And.<\/a> de inter\u00e9s social, ante una petici\u00f3n del <a href=\"http:\/\/www.cje.org\/es\/\" target=\"_blank\" rel=\"noopener\">Consejo de la Juventud Estatal (CJE)<\/a> para el desarrollo de una campa\u00f1a de participaci\u00f3n estudiantil.\u00a0 A parte de las reuniones previas entre el CJE y el equipo CRAC, y las reuniones entre Ecotono y el equipo CRAC se desarrollaron varios espacios de trabajo el que se convoca a profesorado de diferentes niveles, as\u00ed como entidades juveniles y estudiantiles. Paralelamente el CJE lanza un cuestionario para conocer la visi\u00f3n de sus entidades, as\u00ed como las aportaciones y sugerencias que pudieran ser objeto de trabajo dentro de la campa\u00f1a. Con todo ello, se realiza un primer dise\u00f1o de campa\u00f1a, que incluyen pasos, etapas, principios de funcionamiento y un esquema general de intervenci\u00f3n. La propuesta inicial de campa\u00f1a, es debatida en una reuni\u00f3n en Madrid, el 28 de noviembre de 2015 con la participaci\u00f3n de personas representantes de entidades miembro del CJE, as\u00ed como de su consejo asesor en Educaci\u00f3n.<\/p>\n<p>Se est\u00e1 comenzando a implementar la actividad en un centro de primaria y uno de secundaria. Se va a implementar y a valorar desde la asignatura de<em> Ciudad y ciudadan\u00eda<\/em> de la facultad de Ciencias de la educaci\u00f3n.<\/p>\n<h2>Objetivos<\/h2>\n<p>Se plantean dos objetivos de car\u00e1cter global:<\/p>\n<ol>\n<li>\u00a0<strong>Concienciar de la importancia de educar<\/strong> en las escuelas, institutos, centros de FP, escuelas art\u00edsticas y universidades en un<strong> modelo democr\u00e1tico y participativo<\/strong>.<\/li>\n<li><strong>Fomentar la participaci\u00f3n<\/strong> entre el colectivo joven y adolescente y la integraci\u00f3n de miradas desde la <strong>sostenibilidad y la coeducaci\u00f3n o el g\u00e9nero<\/strong>.\n<p>&#8230;y adem\u00e1s se propone conseguir:<\/li>\n<\/ol>\n<ul>\n<li>Concienciar a la comunidad educativa y a las asociaciones de la importancia de la participaci\u00f3n estudiantil<br \/>\nFortalecer el tejido asociativo en los espacios de educaci\u00f3n formal<\/li>\n<li>Encontrar un modelo de promoci\u00f3n de la participaci\u00f3n estudiantil eficaz y cre\u00edble<\/li>\n<li>Unificar esfuerzos de las entidades estudiantiles por un fin compartido<\/li>\n<li>Conocer y valorar buenas pr\u00e1cticas<\/li>\n<li>Evaluar la campa\u00f1a y darle continuidad en el tiempo mediante una comunidad de pr\u00e1ctica<\/li>\n<\/ul>\n<h2>Metodolog\u00eda<\/h2>\n<p>Se basa en los principios metodol\u00f3gicos y \u00e9ticos de la Educaci\u00f3n para y desde la participaci\u00f3n. La Educaci\u00f3n para la Participaci\u00f3n (EPA en adelante) se entiende como un proceso de aprendizaje de los conocimientos, competencias, habilidades y valores necesarios para, colectivamente, conseguir traducir las ideas en acci\u00f3n de forma aut\u00f3noma.<\/p>\n<p>En el caso de la infancia y la juventud, la EPA se convierte en un itinerario formativo y experiencial en donde las personas viven un recorrido que les incorpora con voz propia a su propia comunidad. La promoci\u00f3n de la participaci\u00f3n juvenil debe contar con procedimientos y metodolog\u00edas, no es algo que podamos improvisar. Por ello, desde la EPA se hace una apuesta por la Educaci\u00f3n Popular, entendida como:<\/p>\n<blockquote>\n<p>conjunto de procesos, m\u00e9todos y t\u00e9cnicas, fundamentalmente educativos y comunicativos, que tienen por objetivo el desarrollo de valores, conocimientos, capacidades y habilidades para la auto-organizaci\u00f3n de los sectores populares y la transformaci\u00f3n de la realidad social<\/p>\n<\/blockquote>\n<p>Esta transformaci\u00f3n implica que las personas tomen conciencia de su propia realidad y se organicen para actuar sobre ella. Es decir, promover la participaci\u00f3n articulada de las personas j\u00f3venes y la infancia requiere que \u00e9stas:<\/p>\n<ul>\n<li>Conozcan y se reconozcan en la realidad en la que viven, reflexionando sobre el papel que tienen en ella<\/li>\n<li>Aprendan a realizar ese an\u00e1lisis de forma colectiva, extrayendo conclusiones comunes que les permita actuar para cambiar<\/li>\n<li>Cuenten con una organizaci\u00f3n adecuada para conseguir sus objetivos, a sus caracter\u00edsticas grupales, que les permita conectar con otras personas y colectivos para sumar fuerza<\/li>\n<\/ul>\n<p>En t\u00e9rminos metodol\u00f3gicos, se parte de una realidad de referencia y es su conocimiento el que proporciona las claves para transformarla. Al actuar sobre ella, se extraen conclusiones y experiencias que suponen una fuente de conocimiento, convirtiendo la propia pr\u00e1ctica en el motor que permite avanzar y aprender. <\/p>\n<p>Gracias a las ciencias de la acci\u00f3n, desde tecnolog\u00edas sociales diversas incorporamos una forma de trabajar, un m\u00e9todo conocido como la estructura b\u00e1sica de procedimiento (<strong><em>E. Ander-Egg<\/em><\/strong>), con cuatro pasos b\u00e1sicos:<\/p>\n<ul>\n<li>El <strong>an\u00e1lisis<\/strong> de la realidad, problemas, necesidades, recursos, conflictos, potencialidades<\/li>\n<li>La <strong>planificaci\u00f3n<\/strong>, programaci\u00f3n de actividades<\/li>\n<li>La<strong> ejecuci\u00f3n<\/strong>, como la acci\u00f3n social conducida de manera racional y con una intencionalidad transformadora<\/li>\n<li>La <strong>evaluaci\u00f3n<\/strong> de lo realizado o de lo que se est\u00e1 realizando.<\/li>\n<\/ul>\n<blockquote>\n<p>En este sentido, la apuesta por una metodolog\u00eda participativa implica una clara intencionalidad transformadora, que sean sus protagonistas los propios grupos participantes -infancia y juventud junto a los diversos actores y actrices de la comunidad educativa-, con definir el objeto de intervenci\u00f3n en la realidad que queremos cambiar y no tanto a las personas a t\u00edtulo individual, intentando promover cambios cualitativos y nos solo cuantitativos y con una forma de relaci\u00f3n partiendo de lo cercano a los grupos, no de conceptos alejados de sus experiencias cotidianas.<\/p>\n<\/blockquote>\n<p>Para que se consiga la participaci\u00f3n efectiva, no es suficiente con la aplicaci\u00f3n estricta de los cuatro pasos de la intervenci\u00f3n (diagn\u00f3stico, planificaci\u00f3n, ejecuci\u00f3n y evaluaci\u00f3n), sino que requiere que cada una de ellas sea protagonizada por las propias personas protagonistas, en nuestro caso la infancia y juventud a la que dirigimos la presenta campa\u00f1a. Por tanto, se debe poner en marcha una metodolog\u00eda espec\u00edfica para los procesos participativos, mediante la cual las personas participantes intervengan sobre su propia realidad.<\/p>\n<p>Para ello se establecen los siguientes principios metodol\u00f3gicos:<\/p>\n<ul>\n<li>Que las personas conozcan la realidad en la que viven y caractericen la pr\u00e1ctica que en ella realizan. Que <strong>QUIERAN<\/strong> (motivaci\u00f3n) participar<\/li>\n<li>Que adquieran los instrumentos formativos necesarios para analizar su realidad y actuar de forma transformadora en ella. Que <strong>SEPAN<\/strong> (formaci\u00f3n) participar<\/li>\n<li>Que participen articuladamente en dicha transformaci\u00f3n. Que <strong>PUEDAN<\/strong> (organizaci\u00f3n) participar<\/li>\n<\/ul>\n<p>Se trata de metodolog\u00edas espec\u00edficas para el fomento de la participaci\u00f3n, procesos donde nos interesa el qu\u00e9 transformar y el c\u00f3mo transformar, partiendo de las necesidades, intereses, demandas del conjunto de la comunidad educativa, donde se combinan elementos de motivaci\u00f3n, formaci\u00f3n y organizaci\u00f3n que posibiliten la real y efectiva intervenci\u00f3n del conjunto de sectores, dentro y fuera de la escuela.<\/p>\n<h2>Organizaci\u00f3n y acciones concretas que se realizan<\/h2>\n<p>La propuesta contiene elementos comunes al conjunto de etapas acad\u00e9micas a las que se dirige, que son:<\/p>\n<ul>\n<li>PRIMARIA. Cursos 5\u00ba y 6\u00ba de Educaci\u00f3n Primaria: 9 -12 a\u00f1os<\/li>\n<li>SECUNDARIA. Cursos 1\u00ba, 2\u00ba, 3\u00ba y 4\u00ba de Educaci\u00f3n Secundaria Obligatoria (ESO): 12 -15 a\u00f1os<\/li>\n<li>ESTUDIOS MEDIOS. 1\u00ba y 2\u00ba de Bachillerato, Formaci\u00f3n Profesional, Ense\u00f1anzas Art\u00edsticas: 15 -18 a\u00f1os<\/li>\n<li>UNIVERSIDAD. Todos los cursos y niveles de Educaci\u00f3n Superior: + de 18 a\u00f1os<\/li>\n<\/ul>\n<p>Cada uno de los niveles educativos cuenta con una serie de pasos, adaptados a las caracter\u00edsticas de los mismos, con actividades y propuestas espec\u00edficas, aunque en algunos casos diversas actividades puedan replicarse en mas de un nivel, as\u00ed como un perfil preferente de persona que dinamiza y acompa\u00f1a el proceso. para el desarrollo de la propuesta de intervenci\u00f3n en cada uno de los niveles acad\u00e9micos, se seguir\u00e1n los siguientes pasos:<\/p>\n<ul>\n<li>\u00a0<a href=\"http:\/\/www.lavidaenelcentro.org\/pdfs\/ParticipaTest.pdf\" target=\"_blank\" rel=\"noopener\">PARTICIPATEST:<\/a> Esta actividad la proponemos como diagn\u00f3stico inicial. Consiste en la cumplimentaci\u00f3n de un cuestionario, desde el que valorar las condiciones desde las que se impulsa la campa\u00f1a y as\u00ed poder ajustarla a la realidad. El cuestionario contiene 5 dimensiones que permiten valorar la situaci\u00f3n de la participaci\u00f3n en cada realidad&#8230;\n<ul>\n<li>Contextos y posibilidades de participaci\u00f3n estudiantil.<\/li>\n<li>Caracter\u00edsticas de la participaci\u00f3n estudiantil.<\/li>\n<li>Apoyos del centro educativo y\/o de otras entidades u organizaciones.<\/li>\n<li>Experiencia de la(s) persona(s) o agente dinamizador de la campa\u00f1a.<\/li>\n<li>Recursos para poner en marcha la experiencia.<\/li>\n<\/ul>\n<\/li>\n<\/ul>\n<ul>\n<li>ELECCI\u00d3N DE TIPO DE INTERVENCI\u00d3N: En funci\u00f3n del resultado del diagn\u00f3stico anterior, se puede optar por 3 tipos de intervenci\u00f3n con las siguientes caracter\u00edsticas en cada uno de ellos.\n<ul>\n<li>SENSIBILIZACI\u00d3N: &#8211; Requiere de apoyos d\u00e9biles, puntuales. &#8211; No requiere de muchos recursos. &#8211; El proceso requiere de poco tiempo y el resultado puede ser una acci\u00f3n puntual. (Ej. D\u00eda del Medio Ambiente). &#8211; No hace falta experiencia previa. &#8211; Se trabajan prioritariamente la formaci\u00f3n tem\u00e1tica y habilidades personales. &#8211; La participaci\u00f3n es el medio.<\/li>\n<li>ACCI\u00d3N:\n<ul>\n<li>Requiere de apoyos decididos, puntuales o permanentes<\/li>\n<li>Requiere de algunos recursos<\/li>\n<li>Requiere de continuidad durante el curso escolar (Ej. Plan de Igualdad)<\/li>\n<li>Hace falta experiencia previa<\/li>\n<li>Se trabajan prioritariamente la formaci\u00f3n para la acci\u00f3n y habilidades grupales<\/li>\n<li>La participaci\u00f3n es el medio<\/li>\n<\/ul>\n<\/li>\n<li>ORGANIZACI\u00d3N:\n<ul>\n<li>Requiere de apoyos decididos y permanentes<\/li>\n<li>Requiere de algunos recursos<\/li>\n<li>Requiere de continuidad durante todo el curso escolar (Ej. Asamblea de Alumnado)<\/li>\n<li>Es deseable la experiencia previa<\/li>\n<li>Se trabajan prioritariamente la formaci\u00f3n para la organizaci\u00f3n y habilidades comunitarias<\/li>\n<li>La participaci\u00f3n es el medio y finalidad<\/li>\n<\/ul>\n<\/li>\n<\/ul>\n<\/li>\n<\/ul>\n<p><a href=\"https:\/\/www.observatoriodelainfancia.es\/participanda\/la-vida-en-el-centro\/capturatiposintervencion1ariavidacentro\/\" rel=\"attachment wp-att-1025\"><img loading=\"lazy\" class=\"aligncenter  wp-image-1025\" src=\"https:\/\/www.observatoriodelainfancia.es\/participanda\/wp-content\/uploads\/2018\/01\/CapturaTiposIntervencion1ariaVidaCentro-300x239.png\" alt=\"CapturaTiposIntervencion1ariaVidaCentro\" width=\"468\" height=\"373\" srcset=\"https:\/\/www.observatoriodelainfancia.es\/participanda\/wp-content\/uploads\/2018\/01\/CapturaTiposIntervencion1ariaVidaCentro-300x239.png 300w, https:\/\/www.observatoriodelainfancia.es\/participanda\/wp-content\/uploads\/2018\/01\/CapturaTiposIntervencion1ariaVidaCentro-768x612.png 768w, https:\/\/www.observatoriodelainfancia.es\/participanda\/wp-content\/uploads\/2018\/01\/CapturaTiposIntervencion1ariaVidaCentro-1024x816.png 1024w, https:\/\/www.observatoriodelainfancia.es\/participanda\/wp-content\/uploads\/2018\/01\/CapturaTiposIntervencion1ariaVidaCentro.png 1111w\" sizes=\"(max-width: 468px) 100vw, 468px\" \/><\/a><\/p>\n<p>Como se puede comprobar, cada tipo de intervenci\u00f3n requiere de condiciones determinadas, de forma que si el resultado del <em>participatest<\/em> arroja un resultado que conduce hacia una intervenci\u00f3n de tipo <em>sensibilizaci\u00f3n<\/em>, las actividades y propuestas responder\u00e1n a la realidad en la que se encuentran en un centro educativo determinado.<\/p>\n<p>La idea es que las propuesta y actividades se adec\u00faen a las necesidades y condiciones en las que se operan, sin tener que cumplirse las condiciones id\u00f3neas y deseadas para la puesta en marcha de la campa\u00f1a; muy al contrario, se trata de que est\u00e9s en la situaci\u00f3n que est\u00e9s puedas encontrar recursos metodol\u00f3gicos adaptados. Es evidente que puedes combinar propuesta de otros tipos de intervenci\u00f3n si lo crees conveniente, pero te aconsejamos que si te encuentras en los estados m\u00e1s precarios, no intentes dar saltos demasiado ambiciosos, pues una vez conseguidos objetivos parciales, estar\u00e1s en condiciones de asumir de forma m\u00e1s eficiente.<\/p>\n<h2>Recursos y materiales utilizados\u00a0\u00a0<\/h2>\n<p>La Campa\u00f1a dispone de una p\u00e1gina web donde se encuentran los diferentes materiales de apoyo necesarios que son:<\/p>\n<ul>\n<li><em>Gu\u00eda de Participaci\u00f3n estudiantil<\/em>. Donde aparecen los principales conceptos y propuestas metodol\u00f3gicas de la Campa\u00f1a de Participaci\u00f3n Estudiantil.<\/li>\n<li><em>Participatest<\/em>. Cuestionario de autovaloraci\u00f3n del contexto y momento del centro educativo que orienta hacia un tipo de intervenci\u00f3n determinada (Sensibilizaci\u00f3n, Acci\u00f3n Transformadora, Organizaci\u00f3n).<\/li>\n<li><em>Elige tu propia Aventura<\/em>: Primaria, Secundaria, Estudios Medios y Universidad. Es el recorrido procesual para el desarrollo de la campa\u00f1a adecuado al contexto de cada realidad.<\/li>\n<li><em>Mochila de actividades<\/em>. Un conjunto de actividades, t\u00e9cnicas y din\u00e1micas para el desarrollo de la campa\u00f1a.<\/li>\n<li><em>Parip\u00e9 de la Participaci\u00f3n<\/em>. Espacio donde se aclara cualquier deriva de lo que consideramos pseudo-participaci\u00f3n.<\/li>\n<li><em>Mapa Estelar<\/em>. Un conjunto de recomendaciones transversales al conjunto de niveles educativos, que facilita la dinamizaci\u00f3n de la campa\u00f1a.<\/li>\n<\/ul>\n<h2>Evaluaci\u00f3n y resultados<\/h2>\n<p>Se ofrece un conjunto de herramientas para la valoraci\u00f3n del conjunto de la campa\u00f1a, con un fuerte componente formativo y que supone la materia prima de la comunidad de pr\u00e1ctica asociada al conjunto de la campa\u00f1a.<\/p>\n<h2>Otras informaciones de inter\u00e9s<\/h2>\n<p>Seguimos investigando y desarrollando la propuesta did\u00e1ctica y esperamos poder compartir resultados, retos y avances en breve.<\/p>\n<p>En esta p\u00e1gina se puede seguir la fase de implementaci\u00f3n de experiencias piloto:\u00a0<a href=\"https:\/\/www.facebook.com\/Participar-para-poner-la-Vida-en-el-Centro-745503125642238\/?rc=p\" target=\"_blank\" rel=\"noopener\">Facebook La Vida en el Centro<\/a><\/p>\n<h2>Actividad continuada<\/h2>\n<h2><strong>Agentes implicados \/ entidades colaboradoras<\/strong><\/h2>\n<ul>\n<li>Consejo de la Juventud Estatal (CJE)<\/li>\n<li>Colectivo de Educaci\u00f3n para la Participaci\u00f3n &#8211; CRAC<\/li>\n<li>Ecotono S. Coop. And.<\/li>\n<\/ul>\n<h2>Lugar<\/h2>\n<p>Sevilla, Sevilla, Andaluc\u00eda, Espa\u00f1a<\/p>\n<h2>Datos de contacto<\/h2>\n<p>Ana Jim\u00e9nez Talavera<br \/>\n<a href=\"mailto:ecotono4@ecotonored.es\" target=\"_blank\" rel=\"noopener\">ecotono4@ecotonored.es<\/a><br \/>\n<a href=\"http:\/\/ecotonored.es\/\" target=\"_blank\" rel=\"noopener\">Ecotono S. Coop. And. de Inter\u00e9s Social<\/a><br \/>\nPara m\u00e1s informaciones sobre el proyecto haz click aqu\u00ed:\u00a0<a href=\"http:\/\/lavidaenelcentro.com\/\" target=\"_blank\" rel=\"noopener\"> http:\/\/lavidaenelcentro.com\/<\/a><\/p>\n<p>&nbsp;<\/p>\n<p>&nbsp;<\/p>\n<p>Informaci\u00f3n recibida el 3 octubre, 2017<\/p>\n<div id=\"ventanamailtotoMail\" style=\"z-index: 1102;\">\n<div id=\"ventanamailtomodalMail\">\n<div id=\"ventanamailtopopupToModalClose\">\u00a0<\/div>\n<div id=\"ventanamailtoquestionToModalMailPopup\">What do you want to do ?<\/div>\n<p><a id=\"ventanamailtoopenAppCreateNew\"><\/a>New mail<button id=\"ventanamailtocopyButtonEmailClipboard\">Copy<\/button><textarea id=\"ventanamailtotextCopy\"><\/textarea><\/div>\n<\/div>\n<div><img \/><\/div>\n","protected":false},"excerpt":{"rendered":"<p>Impulsa: Colectivo de Educaci\u00f3n para la Participaci\u00f3n-CRAC y Ecotono S. Coop. And. La propuesta \u00a0La Vida en el Centro ofrece herramientas conceptuales y metodol\u00f3gicas que permiten la puesta en marcha de procesos participativos en los centros educativos que integren criterios de sostenibilidad y justicia ecosocial y g\u00e9nero. Se parte originalmente de un Participatest, una herramienta [&hellip;]<\/p>\n","protected":false},"author":2,"featured_media":0,"comment_status":"closed","ping_status":"open","sticky":false,"template":"","format":"standard","meta":[],"categories":[14,13,6,15],"tags":[],"_links":{"self":[{"href":"https:\/\/www.observatoriodelainfancia.es\/participanda\/wp-json\/wp\/v2\/posts\/1015"}],"collection":[{"href":"https:\/\/www.observatoriodelainfancia.es\/participanda\/wp-json\/wp\/v2\/posts"}],"about":[{"href":"https:\/\/www.observatoriodelainfancia.es\/participanda\/wp-json\/wp\/v2\/types\/post"}],"author":[{"embeddable":true,"href":"https:\/\/www.observatoriodelainfancia.es\/participanda\/wp-json\/wp\/v2\/users\/2"}],"replies":[{"embeddable":true,"href":"https:\/\/www.observatoriodelainfancia.es\/participanda\/wp-json\/wp\/v2\/comments?post=1015"}],"version-history":[{"count":27,"href":"https:\/\/www.observatoriodelainfancia.es\/participanda\/wp-json\/wp\/v2\/posts\/1015\/revisions"}],"predecessor-version":[{"id":1662,"href":"https:\/\/www.observatoriodelainfancia.es\/participanda\/wp-json\/wp\/v2\/posts\/1015\/revisions\/1662"}],"wp:attachment":[{"href":"https:\/\/www.observatoriodelainfancia.es\/participanda\/wp-json\/wp\/v2\/media?parent=1015"}],"wp:term":[{"taxonomy":"category","embeddable":true,"href":"https:\/\/www.observatoriodelainfancia.es\/participanda\/wp-json\/wp\/v2\/categories?post=1015"},{"taxonomy":"post_tag","embeddable":true,"href":"https:\/\/www.observatoriodelainfancia.es\/participanda\/wp-json\/wp\/v2\/tags?post=1015"}],"curies":[{"name":"wp","href":"https:\/\/api.w.org\/{rel}","templated":true}]}}