{"id":1059,"date":"2018-02-13T10:03:19","date_gmt":"2018-02-13T09:03:19","guid":{"rendered":"http:\/\/www.observatoriodelainfancia.es\/participanda\/?p=1059"},"modified":"2018-03-01T12:51:54","modified_gmt":"2018-03-01T11:51:54","slug":"plenos-infantiles","status":"publish","type":"post","link":"https:\/\/www.observatoriodelainfancia.es\/participanda\/plenos-infantiles\/","title":{"rendered":"Plenos Infantiles"},"content":{"rendered":"<h2>Impulsa: Ayuntamiento de Montilla, Concejal\u00eda de Juventud e Infancia.<\/h2>\n<p>Consiste en un pleno ordinario del Ayuntamiento de Montilla (C\u00f3rdoba) donde asisten ni\u00f1os y ni\u00f1as de todos los centros de primaria de la localidad para transmitir a la Junta de Gobierno Local sus diferentes demandas e inquietudes. Los plenos infantiles se realizan dentro de la programacion que lleva a cabo la Concejal\u00eda de Juventud e Infancia con motivo de la Semana de la Infancia.<\/p>\n<p><a href=\"https:\/\/www.observatoriodelainfancia.es\/participanda\/plenos-infantiles\/plenoinfantilcordobanov2017\/\" rel=\"attachment wp-att-1123\"><img loading=\"lazy\" class=\"wp-image-1123 alignleft\" src=\"https:\/\/www.observatoriodelainfancia.es\/participanda\/wp-content\/uploads\/2018\/02\/PlenoInfantilCordobaNov2017-300x200.jpg\" alt=\"Pleno Infantil del Ayuntamiento de Montilla \" width=\"562\" height=\"374\" srcset=\"https:\/\/www.observatoriodelainfancia.es\/participanda\/wp-content\/uploads\/2018\/02\/PlenoInfantilCordobaNov2017-300x200.jpg 300w, https:\/\/www.observatoriodelainfancia.es\/participanda\/wp-content\/uploads\/2018\/02\/PlenoInfantilCordobaNov2017-768x511.jpg 768w, https:\/\/www.observatoriodelainfancia.es\/participanda\/wp-content\/uploads\/2018\/02\/PlenoInfantilCordobaNov2017-1024x682.jpg 1024w, https:\/\/www.observatoriodelainfancia.es\/participanda\/wp-content\/uploads\/2018\/02\/PlenoInfantilCordobaNov2017.jpg 1200w\" sizes=\"(max-width: 562px) 100vw, 562px\" \/><\/a><\/p>\n<p>&nbsp;<\/p>\n<p>&nbsp;<\/p>\n<p>&nbsp;<\/p>\n<p>&nbsp;<\/p>\n<p>&nbsp;<\/p>\n<p>&nbsp;<\/p>\n<p>&nbsp;<\/p>\n<p>&nbsp;<\/p>\n<p style=\"text-align: left;\">\u00a0<\/p>\n<p style=\"text-align: left;\">\u00a0<\/p>\n<p style=\"text-align: left;\"><span style=\"font-size: 10pt;\">Pleno Infantil del Ayuntamiento de Montilla celebrado el 15 de noviembre, 2017<\/span><\/p>\n<p><!--more--><\/p>\n<h2>\u00bfC\u00f3mo surge esta iniciativa?<\/h2>\n<p>Los plenos infantiles surgen por la necesidad de dotar a la infancia de derechos participativos dentro de la Junta de Gobierno Local.<\/p>\n<h2>Objetivos<\/h2>\n<p>Dotar a la infancia montillana de una experiencia \u00fanica al poder sentirse como un pol\u00edtico m\u00e1s, al poder asistir a una sesi\u00f3n de plenos del Ayuntamiento y poder expresar su opini\u00f3n e inquietudes sobre los temas que all\u00ed se van tocando.<\/p>\n<h2>Metodolog\u00eda<\/h2>\n<p>Se sigue un orden del d\u00eda al igual que en una sesi\u00f3n de plenos de car\u00e1cter ordinario.<\/p>\n<h2>Organizaci\u00f3n y acciones concretas que se realizan<\/h2>\n<p>1. Lectura del Manifiesto del D\u00eda Universal de la Infancia del Consejo Local de la Infancia y la Adolescencia de Montilla (CLIAM) por uno de los miembros. <br \/>\n 2. Fortalezas de los respectivos colegios. <br \/>\n 3. Mejoras y necesidades de los respectivos colegios. <br \/>\n 4. Ruegos y preguntas.<\/p>\n<h2>Actividad temporal<\/h2>\n<h2>Agentes implicados \/ entidades colaboradoras<\/h2>\n<ul>\n<li>Ayuntamiento de Montilla, Concejal\u00eda de Juventud e Infancia<\/li>\n<li>Centros educativos de primaria de Montilla.<\/li>\n<\/ul>\n<h2>Lugar<\/h2>\n<p>Montilla, C\u00f3rdoba, Espa\u00f1a.<\/p>\n<h2>Datos de contacto<\/h2>\n<p>Gabriel Serrano <br \/>\n <a href=\"mailto:juventud@montilla.es\" target=\"_blank\">juventud@montilla.es<\/a><\/p>\n<p>Centro de Informaci\u00f3n Juvenil de Montilla<\/p>\n<p><a href=\"https:\/\/juventudmontilla.blogspot.com.es\/\" target=\"_blank\">https:\/\/juventudmontilla.blogspot.com.es\/ <\/a><br \/>\n <a href=\"https:\/\/www.facebook.com\/cijmontilla\/\" target=\"_blank\">https:\/\/www.facebook.com\/cijmontilla\/<\/a> <br \/>\n <a href=\"https:\/\/twitter.com\/CijMontilla\" target=\"_blank\">https:\/\/twitter.com\/CijMontilla<\/a><\/p>\n<p>&nbsp;<\/p>\n<h2>Documentos relacionados<\/h2>\n<ul>\n<li><a href=\"https:\/\/www.observatoriodelainfancia.es\/participanda\/wp-content\/uploads\/2019\/04\/MANIFIESTO-CLIAM.pdf\" rel=\"attachment wp-att-1087\" target=\"_blank\">Manifiesto D\u00eda Universal de la Infancia 2017 &#8211; Consejo de la Infancia y Adolescencia de Montilla<\/a><\/li>\n<li><a href=\"https:\/\/www.observatoriodelainfancia.es\/participanda\/wp-content\/uploads\/2019\/04\/SemanaInfancia2017.pdf\" rel=\"attachment wp-att-1086\" target=\"_blank\">Programaci\u00f3n Plenos Infantiles 2017<\/a><\/li>\n<\/ul>\n<p>&nbsp;<\/p>\n<p>Informaci\u00f3n recibida el 30 de enero de 2018<\/p>\n","protected":false},"excerpt":{"rendered":"<p>Impulsa: Ayuntamiento de Montilla, Concejal\u00eda de Juventud e Infancia. Consiste en un pleno ordinario del Ayuntamiento de Montilla (C\u00f3rdoba) donde asisten ni\u00f1os y ni\u00f1as de todos los centros de primaria de la localidad para transmitir a la Junta de Gobierno Local sus diferentes demandas e inquietudes. Los plenos infantiles se realizan dentro de la programacion [&hellip;]<\/p>\n","protected":false},"author":2,"featured_media":0,"comment_status":"closed","ping_status":"open","sticky":false,"template":"","format":"standard","meta":[],"categories":[13,8],"tags":[],"_links":{"self":[{"href":"https:\/\/www.observatoriodelainfancia.es\/participanda\/wp-json\/wp\/v2\/posts\/1059"}],"collection":[{"href":"https:\/\/www.observatoriodelainfancia.es\/participanda\/wp-json\/wp\/v2\/posts"}],"about":[{"href":"https:\/\/www.observatoriodelainfancia.es\/participanda\/wp-json\/wp\/v2\/types\/post"}],"author":[{"embeddable":true,"href":"https:\/\/www.observatoriodelainfancia.es\/participanda\/wp-json\/wp\/v2\/users\/2"}],"replies":[{"embeddable":true,"href":"https:\/\/www.observatoriodelainfancia.es\/participanda\/wp-json\/wp\/v2\/comments?post=1059"}],"version-history":[{"count":21,"href":"https:\/\/www.observatoriodelainfancia.es\/participanda\/wp-json\/wp\/v2\/posts\/1059\/revisions"}],"predecessor-version":[{"id":1127,"href":"https:\/\/www.observatoriodelainfancia.es\/participanda\/wp-json\/wp\/v2\/posts\/1059\/revisions\/1127"}],"wp:attachment":[{"href":"https:\/\/www.observatoriodelainfancia.es\/participanda\/wp-json\/wp\/v2\/media?parent=1059"}],"wp:term":[{"taxonomy":"category","embeddable":true,"href":"https:\/\/www.observatoriodelainfancia.es\/participanda\/wp-json\/wp\/v2\/categories?post=1059"},{"taxonomy":"post_tag","embeddable":true,"href":"https:\/\/www.observatoriodelainfancia.es\/participanda\/wp-json\/wp\/v2\/tags?post=1059"}],"curies":[{"name":"wp","href":"https:\/\/api.w.org\/{rel}","templated":true}]}}