{"id":1255,"date":"2018-08-06T14:25:03","date_gmt":"2018-08-06T13:25:03","guid":{"rendered":"https:\/\/www.observatoriodelainfancia.es\/participanda\/?p=1255"},"modified":"2019-03-05T11:49:39","modified_gmt":"2019-03-05T10:49:39","slug":"consejo-de-infancia-de-camas","status":"publish","type":"post","link":"https:\/\/www.observatoriodelainfancia.es\/participanda\/consejo-de-infancia-de-camas\/","title":{"rendered":"Consejo de Infancia de Camas"},"content":{"rendered":"<h2>Impulsa: Ayuntamiento de Camas (Sevilla)<\/h2>\n<p>Desde mayo de 2017 la localidad sevillana de Camas cuenta con un Consejo de Infancia, \u00f3rgano de participaci\u00f3n de la infancia y adolescencia de la localidad que intenta hacer realidad en este municipio el derecho de las ni\u00f1as y los ni\u00f1os a ser escuchados y a involucrarse en la vida de su pueblo. El Consejo de Infancia est\u00e1 compuesto por ni\u00f1os y ni\u00f1as de 9 a 11 a\u00f1os que quieran participar de una forma activa en su propio Municipio. Se ha realizado una campa\u00f1a de elecciones en todos los centros escolares para elegir a los representantes de cada centro educativo que quieran asumir esta responsabilidad.<\/p>\n<p><a href=\"https:\/\/www.observatoriodelainfancia.es\/participanda\/wp-content\/uploads\/2018\/05\/consejo-de-infancia-de-Camas.jpg\"><img loading=\"lazy\" class=\"alignnone size-full wp-image-1256\" src=\"https:\/\/www.observatoriodelainfancia.es\/participanda\/wp-content\/uploads\/2018\/05\/consejo-de-infancia-de-Camas.jpg\" alt=\"\" width=\"675\" height=\"400\" srcset=\"https:\/\/www.observatoriodelainfancia.es\/participanda\/wp-content\/uploads\/2018\/05\/consejo-de-infancia-de-Camas.jpg 675w, https:\/\/www.observatoriodelainfancia.es\/participanda\/wp-content\/uploads\/2018\/05\/consejo-de-infancia-de-Camas-300x178.jpg 300w\" sizes=\"(max-width: 675px) 100vw, 675px\" \/><\/a><\/p>\n<h2><!--more--><\/h2>\n<h2>\u00bfC\u00f3mo surge esta iniciativa?<\/h2>\n<p>Confiando en el poder renovador de la infancia y apostando por la participaci\u00f3n desde las primeras edades, el Ayuntamiento de Camas ha puesto en marcha una experiencia de participaci\u00f3n infantil en el curso 2016-2017. En el oto\u00f1o de 2016 la Delegaci\u00f3n de Educaci\u00f3n present\u00f3 a los centros escolares una iniciativa llamada Consejo de Infancia, que pretend\u00eda reunir a un grupo de chicas y chicos de 9 a 11 a\u00f1os que quisieran asumir esta responsabilidad, surge desde el equipo actual de gobierno de Camas.<\/p>\n<p>Durante el curso 2016-2017 se llev\u00f3 a cabo un programa de actividades destinado a todo el alumnado de 4\u00ba y 5\u00ba de la localidad sevillana de Camas. Parti\u00f3 de una visita escolar al Sal\u00f3n de Plenos del Ayuntamiento en la que se planteaba un problema real que el alumnado deb\u00eda resolver en grupo. A partir de ah\u00ed se anim\u00f3 al alumnado a presentar su candidatura como representante de su centro en el Consejo de Infancia y comenzaba una campa\u00f1a electoral y las correspondientes elecciones. De los nueve centros de primaria, siete cuentan ya con representantes que se re\u00fanen quincenalmente, formando un grupo dinamizado por la t\u00e9cnica de la Delegaci\u00f3n de Educaci\u00f3n. En esta primera etapa el objetivo es crear una conciencia de grupo con actividades l\u00fadicas y experiencias dirigidas a conocerse mutuamente y conocer de una forma nueva la localidad.<\/p>\n<div style=\"clear: both;\">\u00a0<\/div>\n<div><iframe loading=\"lazy\" src=\"https:\/\/www.youtube.com\/embed\/EEQzB7g4yrM\" width=\"560\" height=\"315\" frameborder=\"0\" allowfullscreen=\"allowfullscreen\"><\/iframe><\/div>\n<h6 style=\"position: relative; height: 0; padding-bottom: 40px;\">En el v\u00eddeo, ni\u00f1os y ni\u00f1as participantes en el Consejo de Infancia de Camas decoran las paredes del centro donde se re\u00fanen, una forma de hacer suyo el espacio que comparten. La intervenci\u00f3n se inspira en las acciones del<a href=\"http:\/\/www.boamistura.com\/#\/home\"> colectivo Boamistura<\/a> en el Metro de Madrid y otros espacios p\u00fablicos. Entre todos decidieron un lema que representase su esp\u00edritu y desde la Delegaci\u00f3n de Educaci\u00f3n del Ayuntamiento se les ayud\u00f3.<\/h6>\n<h2>Objetivos<\/h2>\n<ul>\n<li>Conocer la perspectiva de los ni\u00f1os y ni\u00f1as de Camas sobre las pol\u00edticas y acciones sobre Infancia.<\/li>\n<li>Conseguir que participen de una forma activa en su municipio.<\/li>\n<\/ul>\n<h2>Metodolog\u00eda<\/h2>\n<p>Metodolog\u00eda participativa y democr\u00e1tica en la que los ni\u00f1os y ni\u00f1as seleccionados van a trabajar abordando determinados temas que afectan a su Ciudad.<\/p>\n<h2>Organizaci\u00f3n y acciones concretas que se realizan<\/h2>\n<p>Realizaci\u00f3n quincenal de reuniones de hora y media en la que todos trabajan determinados temas de inter\u00e9s.<\/p>\n<p><a href=\"https:\/\/www.observatoriodelainfancia.es\/participanda\/wp-content\/uploads\/2018\/08\/DSC_05611.jpg\"><img loading=\"lazy\" class=\"alignnone wp-image-1306 \" src=\"https:\/\/www.observatoriodelainfancia.es\/participanda\/wp-content\/uploads\/2018\/08\/DSC_05611-1024x576.jpg\" alt=\"\" width=\"841\" height=\"499\" \/><\/a><\/p>\n<h2>Recursos y materiales utilizados<\/h2>\n<p>Personal t\u00e9cnico responsable de las diferentes sesiones de trabajo.<\/p>\n<h2>Evaluaci\u00f3n y resultados<\/h2>\n<p>Al final de cada sesi\u00f3n realizamos una memoria en la que destacamos el trabajo realizado y c\u00f3mo se ha desarrollado la sesi\u00f3n evaluando los contenidos trabajados y el ritmo, clima, actitud de los participantes, implicacion&#8230; de las sesiones en las que hemos trabajado. Pensamos que el trabajo del Consejo de Infancia est\u00e1 siendo positivo ya que han realizado algunas propuestas que ellos mismos solicitaban como pintar la pared del colegio donde trabajamos, han participado en el diagn\u00f3stico de Infancia y por consiguiente en la redacci\u00f3n del Plan de Infancia de Camas etc.<\/p>\n<h2>Actividad continuada<\/h2>\n<p>En la actualidad, se encuentran dise\u00f1ando una Campa\u00f1a de Concienciaci\u00f3n para el cuidado de las mascotas, en coordinaci\u00f3n con el Delegado Municipal de Pol\u00edticas Animalistas.<\/p>\n<h2>Agentes implicados \/ entidades colaboradoras<\/h2>\n<p>Ayuntamiento de Camas, AMPAS y centros escolares de la localidad.<\/p>\n<h2>Lugar<\/h2>\n<p>Espa\u00f1a, Andaluc\u00eda, Camas (Sevilla)<\/p>\n<h2>Datos de contacto<\/h2>\n<p>Angelina Delgado Librero<\/p>\n<p><a href=\"mailto:angelinadelgado@ayto-camas.org\">angelinadelgado@ayto-camas.org<\/a><\/p>\n<p>Delegaci\u00f3n de Educaci\u00f3n del Ayuntamiento de Camas (Sevilla)<\/p>\n<p>&nbsp;<\/p>\n<p>Informaci\u00f3n recibida el 13 de junio de 2018<\/p>\n<p>&nbsp;<\/p>\n<p>&nbsp;<\/p>\n","protected":false},"excerpt":{"rendered":"<p>Impulsa: Ayuntamiento de Camas (Sevilla) Desde mayo de 2017 la localidad sevillana de Camas cuenta con un Consejo de Infancia, \u00f3rgano de participaci\u00f3n de la infancia y adolescencia de la localidad que intenta hacer realidad en este municipio el derecho de las ni\u00f1as y los ni\u00f1os a ser escuchados y a involucrarse en la vida [&hellip;]<\/p>\n","protected":false},"author":3,"featured_media":0,"comment_status":"closed","ping_status":"open","sticky":false,"template":"","format":"standard","meta":[],"categories":[13,8],"tags":[25,18,20,19],"_links":{"self":[{"href":"https:\/\/www.observatoriodelainfancia.es\/participanda\/wp-json\/wp\/v2\/posts\/1255"}],"collection":[{"href":"https:\/\/www.observatoriodelainfancia.es\/participanda\/wp-json\/wp\/v2\/posts"}],"about":[{"href":"https:\/\/www.observatoriodelainfancia.es\/participanda\/wp-json\/wp\/v2\/types\/post"}],"author":[{"embeddable":true,"href":"https:\/\/www.observatoriodelainfancia.es\/participanda\/wp-json\/wp\/v2\/users\/3"}],"replies":[{"embeddable":true,"href":"https:\/\/www.observatoriodelainfancia.es\/participanda\/wp-json\/wp\/v2\/comments?post=1255"}],"version-history":[{"count":30,"href":"https:\/\/www.observatoriodelainfancia.es\/participanda\/wp-json\/wp\/v2\/posts\/1255\/revisions"}],"predecessor-version":[{"id":1310,"href":"https:\/\/www.observatoriodelainfancia.es\/participanda\/wp-json\/wp\/v2\/posts\/1255\/revisions\/1310"}],"wp:attachment":[{"href":"https:\/\/www.observatoriodelainfancia.es\/participanda\/wp-json\/wp\/v2\/media?parent=1255"}],"wp:term":[{"taxonomy":"category","embeddable":true,"href":"https:\/\/www.observatoriodelainfancia.es\/participanda\/wp-json\/wp\/v2\/categories?post=1255"},{"taxonomy":"post_tag","embeddable":true,"href":"https:\/\/www.observatoriodelainfancia.es\/participanda\/wp-json\/wp\/v2\/tags?post=1255"}],"curies":[{"name":"wp","href":"https:\/\/api.w.org\/{rel}","templated":true}]}}