{"id":2084,"date":"2022-07-29T11:05:52","date_gmt":"2022-07-29T10:05:52","guid":{"rendered":"https:\/\/www.observatoriodelainfancia.es\/participanda\/?p=2084"},"modified":"2023-09-29T11:11:51","modified_gmt":"2023-09-29T10:11:51","slug":"i-encuentro-de-consejos-locales-de-infancia-y-adolescencia-de-la-provincia-de-almeria","status":"publish","type":"post","link":"https:\/\/www.observatoriodelainfancia.es\/participanda\/i-encuentro-de-consejos-locales-de-infancia-y-adolescencia-de-la-provincia-de-almeria\/","title":{"rendered":"I Encuentro de Consejos Locales de Infancia y Adolescencia de la provincia de Almer\u00eda"},"content":{"rendered":"\n<p>80 ni\u00f1os, ni\u00f1as y adolescentes de 8 a 17 a\u00f1os de edad se reunieron el pasado 13 de noviembre en el <strong>Palacio de los Deportes Ciudad de V\u00edcar <\/strong>con objeto de celebrar el <strong>I Encuentro de Consejos Locales de Infancia y Adolescencia de la provincia de Almer\u00eda<\/strong>. Como objetivo general, &#8220;<strong>fomentar un espacio anual que d\u00e9 impulso a la participaci\u00f3n de Ni\u00f1os, Ni\u00f1as y Adolescentes de toda la provincia<\/strong>, que les permita el intercambio de experiencias, adquirir competencias, conocimientos y estrategias de actuaci\u00f3n en las \u00e1reas elegidas por los propios chicos y chicas, para ser aplicadas en sus actuaciones dentro de los Consejos Locales municipales, as\u00ed como a nivel auton\u00f3mico, nacional y\/o europeo&#8221;, explican desde el equipo de organizaci\u00f3n. La localidad de <strong>V\u00edcar es ciudad amiga de la infancia<\/strong> con el distintivo de Excelencia por su larga trayectoria en la puesta en marcha de planes locales.<\/p>\n\n\n\n<div style=\"width:100%; text-align:center\"><iframe loading=\"lazy\" width=\"560\" height=\"315\" src=\"https:\/\/www.youtube.com\/embed\/0wPSoxtD7OQ\" title=\"YouTube video player\" frameborder=\"0\" allow=\"accelerometer; autoplay; clipboard-write; encrypted-media; gyroscope; picture-in-picture\" allowfullscreen=\"\"><\/iframe><\/div>\n\n\n\n<p>El I Encuentro, organizado por el <strong>Servicio de Prevenci\u00f3n y Apoyo a la Familia de la Delegaci\u00f3n Territorial de Igualdad, Pol\u00edticas Sociales y Conciliaci\u00f3n de la Junta de Andaluc\u00eda<\/strong>, en coordinaci\u00f3n con la Comisi\u00f3n Provincial de Infancia y Adolescencia, cont\u00f3 con representantes de los municipios almerienses que actualmente cuentan con Consejos Locales de Infancia y Adolescencia: Almer\u00eda, Alhama de Almer\u00eda, Cuevas del Almanzora, Huercal-Overa, Vera y V\u00edcar, adem\u00e1s de representantes de la la Diputaci\u00f3n Provincial y los municipios de m\u00e1s de 20.000 habitantes: Roquetas de Mar, El Ejido, Adra y N\u00edjar, interesados en impulsar la participaci\u00f3n de la infancia y la adolescencia a trav\u00e9s de la puesta en marcha de dichos consejos dentro de planes locales que garanticen el derecho a la participaci\u00f3n de la infancia y la adolescencia en sus municipios.<\/p>\n\n\n\n<h4>6 talleres de actividades y reflexi\u00f3n<\/h4>\n<p>Este I Encuentro ha desarrollado 6 talleres de actividades, elegidas por los propios ni\u00f1os\/as y adolescentes participantes, relacionados con la educaci\u00f3n ambiental, la cultura emprendedora, la comunicaci\u00f3n linguistica, los programas culturales y los h\u00e1bitos de vida saludable.<\/p>\n<ul>\n<li><em><strong>Radio- podcast<\/strong><\/em>: C\u00f3mo ser un buen comunicador: habilidades y competencias en la comunicaci\u00f3n.<\/li>\n<li><em><strong>Graffiti<\/strong><\/em>: Haciendo historia: mural sobre p\u00f3ster del I Encuentro.<\/li>\n<li><em><strong>Innovaci\u00f3n tecnol\u00f3g\u00edca<\/strong><\/em>: J\u00f3venes emprendedores: conducci\u00f3n de drones e impresi\u00f3n e 3D.<\/li>\n<li><em><strong>Teatro<\/strong><\/em>: Cuentos con un final diferente: perspectiva de igualdad de g\u00e9nero y coeducaci\u00f3n.<\/li>\n<li><em><strong>Scape Room<\/strong><\/em>: Probeta de laboratorio: con objeto de educar en la empat\u00eda, aceptaci\u00f3n y la tolerancia a la diversidad cultural.<\/li>\n<li><em><strong>Baile y talleres voluntarios<\/strong><\/em> para favorecer la convivencia, diversi\u00f3n y organizar el pr\u00f3ximo reencuentro anual.<\/li>\n<\/ul>\n<p>Paralelamente se desarroll\u00f3 un <strong>encuentro de los equipos profesionales<\/strong> que acompa\u00f1an a estos ni\u00f1os\/as y adolescentes dirigido a compartir experiencias de la participaci\u00f3n infantil de sus municipios y a impulsar la puesta en marcha de Planes Locales de Infancia y Adolescencia, en la que se ha hecho entrega a todos\/as los\/as participantes de la Gu\u00eda publicada por la Direcci\u00f3n General de Infancia y se les ha invitado a futuras acciones formativas en esta materia.<\/p>\n<p><a href=\"https:\/\/www.observatoriodelainfancia.es\/participanda\/wp-content\/uploads\/2022\/07\/Screenshot-2022-07-28-at-14-12-32-I-Encuentro-de-Consejos-Locales-de-Infancia-y-Adolescencia-de-la-provincia-de-Almeria.png\"><img loading=\"lazy\" class=\"size-full wp-image-2090 aligncenter\" src=\"https:\/\/www.observatoriodelainfancia.es\/participanda\/wp-content\/uploads\/2022\/07\/Screenshot-2022-07-28-at-14-12-32-I-Encuentro-de-Consejos-Locales-de-Infancia-y-Adolescencia-de-la-provincia-de-Almeria.png\" alt=\"\" width=\"1280\" height=\"720\" srcset=\"https:\/\/www.observatoriodelainfancia.es\/participanda\/wp-content\/uploads\/2022\/07\/Screenshot-2022-07-28-at-14-12-32-I-Encuentro-de-Consejos-Locales-de-Infancia-y-Adolescencia-de-la-provincia-de-Almeria.png 1280w, https:\/\/www.observatoriodelainfancia.es\/participanda\/wp-content\/uploads\/2022\/07\/Screenshot-2022-07-28-at-14-12-32-I-Encuentro-de-Consejos-Locales-de-Infancia-y-Adolescencia-de-la-provincia-de-Almeria-300x169.png 300w, https:\/\/www.observatoriodelainfancia.es\/participanda\/wp-content\/uploads\/2022\/07\/Screenshot-2022-07-28-at-14-12-32-I-Encuentro-de-Consejos-Locales-de-Infancia-y-Adolescencia-de-la-provincia-de-Almeria-1024x576.png 1024w, https:\/\/www.observatoriodelainfancia.es\/participanda\/wp-content\/uploads\/2022\/07\/Screenshot-2022-07-28-at-14-12-32-I-Encuentro-de-Consejos-Locales-de-Infancia-y-Adolescencia-de-la-provincia-de-Almeria-768x432.png 768w, https:\/\/www.observatoriodelainfancia.es\/participanda\/wp-content\/uploads\/2022\/07\/Screenshot-2022-07-28-at-14-12-32-I-Encuentro-de-Consejos-Locales-de-Infancia-y-Adolescencia-de-la-provincia-de-Almeria-640x360.png 640w\" sizes=\"(max-width: 1280px) 100vw, 1280px\" \/><\/a><\/p>\n<h4>Ficha t\u00e9cnica:<\/h4>\n<table class=\"alignleft\" style=\"width: 79.5238%; height: 545px;\" border=\"2\">\n<tbody>\n<tr style=\"height: 50px;\">\n<td style=\"height: 50px; width: 19.4279%;\"><strong>Entidad impulsora<\/strong><\/td>\n<td style=\"height: 50px; width: 59.2372%;\">Servicio de Prevenci\u00f3n y Apoyo a la Familia de la Delegaci\u00f3n Territorial de Igualdad, Pol\u00edticas Sociales y Conciliaci\u00f3n de la Junta de Andaluc\u00eda en Almer\u00eda<\/td>\n<\/tr>\n<tr style=\"height: 50px;\">\n<td style=\"height: 50px; width: 19.4279%;\"><strong>Nombre de la iniciativa<\/strong><\/td>\n<td style=\"height: 50px; width: 59.2372%;\">I Encuentro de Consejos Locales de Infancia y Adolescencia de la provincia de Almer\u00eda<\/td>\n<\/tr>\n<tr style=\"height: 27px;\">\n<td style=\"height: 27px; width: 19.4279%;\"><strong>Contacto<\/strong><\/td>\n<td style=\"height: 27px; width: 59.2372%;\">Servicio de Prevenci\u00f3n y Apoyo a la Familia de Almer\u00eda<\/td>\n<\/tr>\n<tr style=\"height: 72px;\">\n<td style=\"height: 72px; width: 19.4279%;\"><strong>Correo electr\u00f3nico<\/strong><\/td>\n<td style=\"height: 72px; width: 59.2372%;\">\n<p><a href=\"mailto:delegacion.al.cipsc@juntadeandalucia.es\">delegacion.al.cipsc@juntadeandalucia.es<\/a><\/p>\n<\/td>\n<\/tr>\n<tr style=\"height: 50px;\">\n<td style=\"height: 50px; width: 19.4279%;\"><strong>Edad de poblaci\u00f3n participante<\/strong><\/td>\n<td style=\"height: 50px; width: 59.2372%;\">8-17 a\u00f1os<\/td>\n<\/tr>\n<tr style=\"height: 50px;\">\n<td style=\"height: 50px; width: 19.4279%;\"><strong>Poblaci\u00f3n a la que va dirigida<\/strong><\/td>\n<td style=\"height: 50px; width: 59.2372%;\">Toda la poblaci\u00f3n<\/td>\n<\/tr>\n<tr style=\"height: 27px;\">\n<td style=\"height: 27px; width: 19.4279%;\"><strong>Pa\u00eds<\/strong><\/td>\n<td style=\"height: 27px; width: 59.2372%;\">Espa\u00f1a<\/td>\n<\/tr>\n<tr style=\"height: 50px;\">\n<td style=\"height: 50px; width: 19.4279%;\"><strong>Comunidad Aut\u00f3noma<\/strong><\/td>\n<td style=\"height: 50px; width: 59.2372%;\">Andaluc\u00eda<\/td>\n<\/tr>\n<tr style=\"height: 27px;\">\n<td style=\"height: 27px; width: 19.4279%;\"><strong>Localidad<\/strong><\/td>\n<td style=\"height: 27px; width: 59.2372%;\">V\u00edcar (Almer\u00eda)<\/td>\n<\/tr>\n<tr style=\"height: 72px;\">\n<td style=\"height: 72px; width: 19.4279%;\"><strong>Fecha de recepci\u00f3n<\/strong><\/td>\n<td style=\"height: 72px; width: 59.2372%;\">\n<p>Mayo de 2022<\/p>\n<\/td>\n<\/tr>\n<\/tbody>\n<\/table>\n","protected":false},"excerpt":{"rendered":"<p>80 ni\u00f1os, ni\u00f1as y adolescentes de 8 a 17 a\u00f1os de edad se reunieron el pasado 13 de noviembre en el Palacio de los Deportes Ciudad de V\u00edcar con objeto de celebrar el I Encuentro de Consejos Locales de Infancia y Adolescencia de la provincia de Almer\u00eda. Como objetivo general, &#8220;fomentar un espacio anual que [&hellip;]<\/p>\n","protected":false},"author":3,"featured_media":2147,"comment_status":"closed","ping_status":"open","sticky":false,"template":"","format":"standard","meta":[],"categories":[24,14,13,8],"tags":[],"_links":{"self":[{"href":"https:\/\/www.observatoriodelainfancia.es\/participanda\/wp-json\/wp\/v2\/posts\/2084"}],"collection":[{"href":"https:\/\/www.observatoriodelainfancia.es\/participanda\/wp-json\/wp\/v2\/posts"}],"about":[{"href":"https:\/\/www.observatoriodelainfancia.es\/participanda\/wp-json\/wp\/v2\/types\/post"}],"author":[{"embeddable":true,"href":"https:\/\/www.observatoriodelainfancia.es\/participanda\/wp-json\/wp\/v2\/users\/3"}],"replies":[{"embeddable":true,"href":"https:\/\/www.observatoriodelainfancia.es\/participanda\/wp-json\/wp\/v2\/comments?post=2084"}],"version-history":[{"count":34,"href":"https:\/\/www.observatoriodelainfancia.es\/participanda\/wp-json\/wp\/v2\/posts\/2084\/revisions"}],"predecessor-version":[{"id":2397,"href":"https:\/\/www.observatoriodelainfancia.es\/participanda\/wp-json\/wp\/v2\/posts\/2084\/revisions\/2397"}],"wp:featuredmedia":[{"embeddable":true,"href":"https:\/\/www.observatoriodelainfancia.es\/participanda\/wp-json\/wp\/v2\/media\/2147"}],"wp:attachment":[{"href":"https:\/\/www.observatoriodelainfancia.es\/participanda\/wp-json\/wp\/v2\/media?parent=2084"}],"wp:term":[{"taxonomy":"category","embeddable":true,"href":"https:\/\/www.observatoriodelainfancia.es\/participanda\/wp-json\/wp\/v2\/categories?post=2084"},{"taxonomy":"post_tag","embeddable":true,"href":"https:\/\/www.observatoriodelainfancia.es\/participanda\/wp-json\/wp\/v2\/tags?post=2084"}],"curies":[{"name":"wp","href":"https:\/\/api.w.org\/{rel}","templated":true}]}}