{"id":2383,"date":"2023-09-29T09:30:35","date_gmt":"2023-09-29T08:30:35","guid":{"rendered":"https:\/\/www.observatoriodelainfancia.es\/participanda\/?p=2383"},"modified":"2024-02-02T08:20:49","modified_gmt":"2024-02-02T07:20:49","slug":"ii-encuentro-de-consejos-locales-de-infancia-y-juventud-de-la-provincia-de-almeria-consolidando-la-participacion","status":"publish","type":"post","link":"https:\/\/www.observatoriodelainfancia.es\/participanda\/ii-encuentro-de-consejos-locales-de-infancia-y-juventud-de-la-provincia-de-almeria-consolidando-la-participacion\/","title":{"rendered":"II Encuentro de Consejos Locales de Infancia y Juventud de la Provincia de Almer\u00eda: consolidando la participaci\u00f3n"},"content":{"rendered":"\n<p><strong>135 ni\u00f1os y ni\u00f1as<\/strong> participaron <strong>el pasado 19 de noviembre de 2022 <\/strong>en el <strong>II Encuentro de Consejos Locales de Infancia y Juventud de la Provincia de Almer\u00eda, celebrado en el Palacio de Congresos y Exposiciones El Toyo de la capital almeriense<\/strong>. El grupo participante proced\u00eda de los Consejos Locales de Infancia de las localidades de <strong>Adra<\/strong>, <strong>Almer\u00eda<\/strong>, <strong>Cuevas<\/strong> <strong>de Almanzora<\/strong>, <strong>Hu\u00e9rcal de Almer\u00eda<\/strong>, <strong>Hu\u00e9rcal-Overa<\/strong>, <strong>Roquetas de Mar<\/strong>, <strong>N\u00edjar<\/strong>, <strong>Vera<\/strong> y <strong>V\u00edcar<\/strong>. Como objetivo general, &#8220;fomentar un <strong>espacio de encuentro, participaci\u00f3n e intercambio de experiencias<\/strong> entre ni\u00f1os, ni\u00f1as y adolescentes&#8221;. De modo m\u00e1s concreto, este II Encuentro ha pretendido hacer part\u00edcipes a los chicos y chicas en la <strong>elecci\u00f3n y organizaci\u00f3n<\/strong> de las actividades en las que deseaban participar; promover el <strong>empoderamiento<\/strong> y aprendizaje social de la infancia; favorecer la <strong>convivencia<\/strong> entre menores de distintos municipios; practicar la <strong>oralidad<\/strong>, la comprensi\u00f3n oral, el lenguaje no verbal y las dotes de comunicaci\u00f3n; fomentar el <strong>trabajo en grupo<\/strong> o dar a conocer diferentes <strong>oficios<\/strong> -antiguos y modernos- con el fin de despertar el sentido <strong>emprendedor<\/strong> de los chicos y chicas participantes; entre otras cuestiones. El evento se ha celebrado gracias a la estrecha colaboraci\u00f3n de las tres administraciones, <strong>Ayuntamiento de Almer\u00eda<\/strong>, <strong>Diputaci\u00f3n de Almer\u00eda<\/strong> y <strong>Junta de Andaluc\u00eda<\/strong>, a trav\u00e9s de la <strong>Consejer\u00eda de Inclusi\u00f3n Social, Juventud, Familias e Igualdad<\/strong>.<\/p>\n<div style=\"width: 100%; text-align: center;\"><iframe loading=\"lazy\" title=\"II Encuentro de Consejos Locales de Infancia y Adolescencia de la provincia de Almer\u00eda\" src=\"\/\/www.youtube.com\/embed\/tUa22nDYtRo\" width=\"560\" height=\"315\" frameborder=\"0\" allowfullscreen=\"allowfullscreen\" data-mce-fragment=\"1\"><\/iframe><\/div>\n<p>Para la realizaci\u00f3n de este II Encuentro se han llevado a cabo un total de<strong> cinco reuniones previas<\/strong>, adem\u00e1s de un <strong>pre-encuentro<\/strong> <em>online<\/em> con algunos de los futuros participantes, manteniendo la idea de hacer participes a los chicos y chicas asistentes de la toma de decisiones y la programaci\u00f3n del encuentro desde el primer momento. As\u00ed, se llev\u00f3 a cabo un pre-encuentro donde los protagonistas fueron los ni\u00f1os, ni\u00f1as y adolescentes de los Consejos Locales participantes. La asistencia corri\u00f3 a cargo de <strong>dos representantes de cada localidad<\/strong>, previamente reunidos con sus compa\u00f1eros\/as para selecci\u00f3n y propuestas de talleres y sugerencias acerca del encuentro.<br \/>De este pre-encuentro surgi\u00f3 el resultado de las <strong>votaciones<\/strong> de las <strong>actividades m\u00e1s interesantes<\/strong> y de las tem\u00e1ticas de las mismas, as\u00ed como la muestra de las creaciones de los <strong>logos<\/strong> que participar\u00edan en la selecci\u00f3n del logo que representar\u00e1 desde ahora los Consejos Locales de Infancia y Juventud de la provincia de Almer\u00eda.<\/p>\n<p>Siguiendo las elecciones de los participantes tras el pre-encuentro realizado, los chicos y chicas eligieron las siguientes <strong>actividades rotativas<\/strong> para llevar a cabo en este II Encuentro:<\/p>\n<ul>\n<li><em><strong>Lo que mi casa Escon-de<\/strong><\/em>: Actividad coeducativa para fomentar el trabajo en equipo en el \u00e1mbito familiar, derechos y deberes.<\/li>\n<li><em><strong>Conectados con nuestro entorno<\/strong><\/em>: <strong><em>Multicircuito Grand-Prix<\/em><\/strong>: Donde se buscaba el fomento de la cohesi\u00f3n de grupos, la empat\u00eda y de la ayuda como motor de movimiento de la sociedad.<\/li>\n<li><em><strong>Un viaje hacia la Luna<\/strong><\/em>: Actividad con diferentes pruebas de destreza, habilidad y estrategia en las que se reflexionaba sobre la protecci\u00f3n y sostenibilidad del medio ambiente.<\/li>\n<li><em><strong>Regreso al pasado con antiguos oficios<\/strong><\/em>: Taller de reciclaje, econom\u00eda circular y visi\u00f3n emprendedora.<\/li>\n<li><em><strong>B\u00fasqueda del tesoro del Toyo<\/strong><\/em>: Una <em>Yincana<\/em> de orientaci\u00f3n, b\u00fasqueda y resoluci\u00f3n de preguntas, destacando los valores de la competitividad sana.<\/li>\n<li><em><strong>Actividades cooperativas en 3D<\/strong><\/em>: Comunicaci\u00f3n y aplicaci\u00f3n pr\u00e1ctica de la tecnolog\u00eda. Iniciaci\u00f3n a la impresi\u00f3n 3D.<\/li>\n<\/ul>\n<p><a href=\"https:\/\/www.observatoriodelainfancia.es\/participanda\/wp-content\/uploads\/2023\/09\/CLIA-ALMERIA-9.png\"><img loading=\"lazy\" class=\"aligncenter size-large wp-image-2385\" src=\"https:\/\/www.observatoriodelainfancia.es\/participanda\/wp-content\/uploads\/2023\/09\/CLIA-ALMERIA-9-1024x586.png\" alt=\"\" width=\"1024\" height=\"586\" srcset=\"https:\/\/www.observatoriodelainfancia.es\/participanda\/wp-content\/uploads\/2023\/09\/CLIA-ALMERIA-9-1024x586.png 1024w, https:\/\/www.observatoriodelainfancia.es\/participanda\/wp-content\/uploads\/2023\/09\/CLIA-ALMERIA-9-300x172.png 300w, https:\/\/www.observatoriodelainfancia.es\/participanda\/wp-content\/uploads\/2023\/09\/CLIA-ALMERIA-9-768x439.png 768w, https:\/\/www.observatoriodelainfancia.es\/participanda\/wp-content\/uploads\/2023\/09\/CLIA-ALMERIA-9-1536x879.png 1536w, https:\/\/www.observatoriodelainfancia.es\/participanda\/wp-content\/uploads\/2023\/09\/CLIA-ALMERIA-9-640x366.png 640w, https:\/\/www.observatoriodelainfancia.es\/participanda\/wp-content\/uploads\/2023\/09\/CLIA-ALMERIA-9.png 1730w\" sizes=\"(max-width: 1024px) 100vw, 1024px\" \/><\/a><\/p>\n<p><a href=\"https:\/\/www.observatoriodelainfancia.es\/participanda\/wp-content\/uploads\/2023\/09\/CLIA-ALMERIA-11.jpg\"><img loading=\"lazy\" class=\"aligncenter size-large wp-image-2386\" src=\"https:\/\/www.observatoriodelainfancia.es\/participanda\/wp-content\/uploads\/2023\/09\/CLIA-ALMERIA-11-1024x587.jpg\" alt=\"\" width=\"1024\" height=\"587\" srcset=\"https:\/\/www.observatoriodelainfancia.es\/participanda\/wp-content\/uploads\/2023\/09\/CLIA-ALMERIA-11-1024x587.jpg 1024w, https:\/\/www.observatoriodelainfancia.es\/participanda\/wp-content\/uploads\/2023\/09\/CLIA-ALMERIA-11-300x172.jpg 300w, https:\/\/www.observatoriodelainfancia.es\/participanda\/wp-content\/uploads\/2023\/09\/CLIA-ALMERIA-11-768x440.jpg 768w, https:\/\/www.observatoriodelainfancia.es\/participanda\/wp-content\/uploads\/2023\/09\/CLIA-ALMERIA-11-1536x881.jpg 1536w, https:\/\/www.observatoriodelainfancia.es\/participanda\/wp-content\/uploads\/2023\/09\/CLIA-ALMERIA-11-640x367.jpg 640w, https:\/\/www.observatoriodelainfancia.es\/participanda\/wp-content\/uploads\/2023\/09\/CLIA-ALMERIA-11.jpg 1721w\" sizes=\"(max-width: 1024px) 100vw, 1024px\" \/><\/a><\/p>\n<p><a href=\"https:\/\/www.observatoriodelainfancia.es\/participanda\/wp-content\/uploads\/2023\/09\/CLIA-ALMERIA-12.png\"><img loading=\"lazy\" class=\"aligncenter size-large wp-image-2388\" src=\"https:\/\/www.observatoriodelainfancia.es\/participanda\/wp-content\/uploads\/2023\/09\/CLIA-ALMERIA-12-1024x576.png\" alt=\"\" width=\"1024\" height=\"576\" srcset=\"https:\/\/www.observatoriodelainfancia.es\/participanda\/wp-content\/uploads\/2023\/09\/CLIA-ALMERIA-12-1024x576.png 1024w, https:\/\/www.observatoriodelainfancia.es\/participanda\/wp-content\/uploads\/2023\/09\/CLIA-ALMERIA-12-300x169.png 300w, https:\/\/www.observatoriodelainfancia.es\/participanda\/wp-content\/uploads\/2023\/09\/CLIA-ALMERIA-12-768x432.png 768w, https:\/\/www.observatoriodelainfancia.es\/participanda\/wp-content\/uploads\/2023\/09\/CLIA-ALMERIA-12-1536x864.png 1536w, https:\/\/www.observatoriodelainfancia.es\/participanda\/wp-content\/uploads\/2023\/09\/CLIA-ALMERIA-12-640x360.png 640w, https:\/\/www.observatoriodelainfancia.es\/participanda\/wp-content\/uploads\/2023\/09\/CLIA-ALMERIA-12.png 1766w\" sizes=\"(max-width: 1024px) 100vw, 1024px\" \/><\/a><\/p>\n<p><a href=\"https:\/\/www.observatoriodelainfancia.es\/participanda\/wp-content\/uploads\/2023\/09\/CLIA-ALMERIA-8.png\"><img loading=\"lazy\" class=\"aligncenter size-large wp-image-2394\" src=\"https:\/\/www.observatoriodelainfancia.es\/participanda\/wp-content\/uploads\/2023\/09\/CLIA-ALMERIA-8-1024x579.png\" alt=\"\" width=\"1024\" height=\"579\" srcset=\"https:\/\/www.observatoriodelainfancia.es\/participanda\/wp-content\/uploads\/2023\/09\/CLIA-ALMERIA-8-1024x579.png 1024w, https:\/\/www.observatoriodelainfancia.es\/participanda\/wp-content\/uploads\/2023\/09\/CLIA-ALMERIA-8-300x170.png 300w, https:\/\/www.observatoriodelainfancia.es\/participanda\/wp-content\/uploads\/2023\/09\/CLIA-ALMERIA-8-768x434.png 768w, https:\/\/www.observatoriodelainfancia.es\/participanda\/wp-content\/uploads\/2023\/09\/CLIA-ALMERIA-8-1536x869.png 1536w, https:\/\/www.observatoriodelainfancia.es\/participanda\/wp-content\/uploads\/2023\/09\/CLIA-ALMERIA-8-640x362.png 640w, https:\/\/www.observatoriodelainfancia.es\/participanda\/wp-content\/uploads\/2023\/09\/CLIA-ALMERIA-8.png 1772w\" sizes=\"(max-width: 1024px) 100vw, 1024px\" \/><\/a><\/p>\n<h4>Ficha t\u00e9cnica:<\/h4>\n<table class=\"alignleft\" style=\"height: 475px; width: 600px;\" border=\"2\">\n<tbody>\n<tr style=\"height: 50px;\">\n<td style=\"height: 50px; width: 114.483px;\"><strong>Entidad impulsora<\/strong><\/td>\n<td style=\"height: 50px; width: 475.517px;\">Servicio de Prevenci\u00f3n y Apoyo a la Familia de la Delegaci\u00f3n Territorial de Inclusi\u00f3n Social, Juventud, Familias e Igualdad de la Junta de Andaluc\u00eda en Almer\u00eda<\/td>\n<\/tr>\n<tr style=\"height: 50px;\">\n<td style=\"height: 50px; width: 114.483px;\"><strong>Nombre de la iniciativa<\/strong><\/td>\n<td style=\"height: 50px; width: 475.517px;\">II Encuentro de Consejos Locales de Infancia y Adolescencia de la provincia de Almer\u00eda<\/td>\n<\/tr>\n<tr style=\"height: 27px;\">\n<td style=\"height: 27px; width: 114.483px;\"><strong>Contacto<\/strong><\/td>\n<td style=\"height: 27px; width: 475.517px;\">Servicio de Prevenci\u00f3n y Apoyo a la Familia de Almer\u00eda<\/td>\n<\/tr>\n<tr style=\"height: 72px;\">\n<td style=\"height: 72px; width: 114.483px;\"><strong>Correo electr\u00f3nico<\/strong><\/td>\n<td style=\"height: 72px; width: 475.517px;\">\n<p><a href=\"mailto:delegacion.al.cipsc@juntadeandalucia.es\">delegacion.al.cipsc@juntadeandalucia.es<\/a><\/p>\n<\/td>\n<\/tr>\n<tr style=\"height: 50px;\">\n<td style=\"height: 50px; width: 114.483px;\"><strong>Edad de poblaci\u00f3n participante<\/strong><\/td>\n<td style=\"height: 50px; width: 475.517px;\">6-17 a\u00f1os<\/td>\n<\/tr>\n<tr style=\"height: 50px;\">\n<td style=\"height: 50px; width: 114.483px;\"><strong>Poblaci\u00f3n a la que va dirigida<\/strong><\/td>\n<td style=\"height: 50px; width: 475.517px;\">Toda la poblaci\u00f3n<\/td>\n<\/tr>\n<tr style=\"height: 27px;\">\n<td style=\"height: 27px; width: 114.483px;\"><strong>Pa\u00eds<\/strong><\/td>\n<td style=\"height: 27px; width: 475.517px;\">Espa\u00f1a<\/td>\n<\/tr>\n<tr style=\"height: 50px;\">\n<td style=\"height: 50px; width: 114.483px;\"><strong>Comunidad Aut\u00f3noma<\/strong><\/td>\n<td style=\"height: 50px; width: 475.517px;\">Andaluc\u00eda<\/td>\n<\/tr>\n<tr style=\"height: 27px;\">\n<td style=\"height: 27px; width: 114.483px;\"><strong>Localidad<\/strong><\/td>\n<td style=\"height: 27px; width: 475.517px;\">Almer\u00eda<\/td>\n<\/tr>\n<tr style=\"height: 72px;\">\n<td style=\"height: 72px; width: 114.483px;\"><strong>Fecha de recepci\u00f3n<\/strong><\/td>\n<td style=\"height: 72px; width: 475.517px;\">\n<p>Julio de 2023<\/p>\n<\/td>\n<\/tr>\n<\/tbody>\n<\/table>\n","protected":false},"excerpt":{"rendered":"<p>135 ni\u00f1os y ni\u00f1as participaron el pasado 19 de noviembre de 2022 en el II Encuentro de Consejos Locales de Infancia y Juventud de la Provincia de Almer\u00eda, celebrado en el Palacio de Congresos y Exposiciones El Toyo de la capital almeriense. El grupo participante proced\u00eda de los Consejos Locales de Infancia de las localidades [&hellip;]<\/p>\n","protected":false},"author":3,"featured_media":2398,"comment_status":"closed","ping_status":"open","sticky":false,"template":"","format":"standard","meta":[],"categories":[24,14,13,8],"tags":[],"_links":{"self":[{"href":"https:\/\/www.observatoriodelainfancia.es\/participanda\/wp-json\/wp\/v2\/posts\/2383"}],"collection":[{"href":"https:\/\/www.observatoriodelainfancia.es\/participanda\/wp-json\/wp\/v2\/posts"}],"about":[{"href":"https:\/\/www.observatoriodelainfancia.es\/participanda\/wp-json\/wp\/v2\/types\/post"}],"author":[{"embeddable":true,"href":"https:\/\/www.observatoriodelainfancia.es\/participanda\/wp-json\/wp\/v2\/users\/3"}],"replies":[{"embeddable":true,"href":"https:\/\/www.observatoriodelainfancia.es\/participanda\/wp-json\/wp\/v2\/comments?post=2383"}],"version-history":[{"count":24,"href":"https:\/\/www.observatoriodelainfancia.es\/participanda\/wp-json\/wp\/v2\/posts\/2383\/revisions"}],"predecessor-version":[{"id":2441,"href":"https:\/\/www.observatoriodelainfancia.es\/participanda\/wp-json\/wp\/v2\/posts\/2383\/revisions\/2441"}],"wp:featuredmedia":[{"embeddable":true,"href":"https:\/\/www.observatoriodelainfancia.es\/participanda\/wp-json\/wp\/v2\/media\/2398"}],"wp:attachment":[{"href":"https:\/\/www.observatoriodelainfancia.es\/participanda\/wp-json\/wp\/v2\/media?parent=2383"}],"wp:term":[{"taxonomy":"category","embeddable":true,"href":"https:\/\/www.observatoriodelainfancia.es\/participanda\/wp-json\/wp\/v2\/categories?post=2383"},{"taxonomy":"post_tag","embeddable":true,"href":"https:\/\/www.observatoriodelainfancia.es\/participanda\/wp-json\/wp\/v2\/tags?post=2383"}],"curies":[{"name":"wp","href":"https:\/\/api.w.org\/{rel}","templated":true}]}}