{"id":264,"date":"2017-05-05T16:17:57","date_gmt":"2017-05-05T15:17:57","guid":{"rendered":"http:\/\/www.observatoriodelainfancia.es\/experienciasinfanciaparticipa\/?p=264"},"modified":"2017-07-10T13:23:52","modified_gmt":"2017-07-10T12:23:52","slug":"defensor-menor-andalucia-eforo","status":"publish","type":"post","link":"https:\/\/www.observatoriodelainfancia.es\/participanda\/defensor-menor-andalucia-eforo\/","title":{"rendered":"Consejo de Participaci\u00f3n del Defensor del Menor de Andaluc\u00eda: E-Foro de Menores"},"content":{"rendered":"<h2>Impulsa: Defensor del Menor de Andaluc\u00eda<\/h2>\n<p>El <em>E-Foro de Menores<\/em> es una inciativa participativa promovida por el <a href=\"http:\/\/www.defensordelmenordeandalucia.es\/\" target=\"_blank\">Defensor del Menor de Andaluc\u00eda<\/a>. Sus<strong> funciones<\/strong> son asesorar a la Instituci\u00f3n sobre cuantas cuestiones considere necesario someter a su consideraci\u00f3n, proponer proyectos y l\u00edneas de investigaci\u00f3n o actuaci\u00f3n sobre cuestiones que afecten a la defensa de los derechos de los ni\u00f1os y ni\u00f1as o sobre asuntos de inter\u00e9s para la infancia y adolescencia; y contribuir al desarrollo de actuaciones y proyectos de la Instituci\u00f3n relativos a la divulgaci\u00f3n de los derechos de las personas menores de edad en Andaluc\u00eda.<\/p>\n<p><iframe loading=\"lazy\" src=\"https:\/\/www.youtube.com\/embed\/dn3od4RNkY8?list=PLb7-JkRJqphG5OR9lncpjgIhUAbeL8-6_\" width=\"854\" height=\"480\" frameborder=\"0\" allowfullscreen=\"allowfullscreen\"><\/iframe><\/p>\n<p>Intervenci\u00f3n de Mayte Salces Rodrigo (Asesora de \u00c1rea de Menores del Defensor del Pueblo Andaluz) en la mesa: <em>Hacia un proyecto com\u00fan de participaci\u00f3n infantil<\/em> del XI Foro Andaluz de la Infancia.<\/p>\n<p>El Consejo de Participaci\u00f3n del Defensor del Menor de Andaluc\u00eda <em>E-Foro de Menores<\/em> se basa en la Convenci\u00f3n de los Derechos del Ni\u00f1o (1989) donde se establece que los menores son sujetos activos de derechos y no sujetos pasivos sometidos a los objetivos y prioridades de las personas adultas; y se recoge un amplio abanico de derechos fundamentales de los menores como el Derecho a expresar libremente su opini\u00f3n en todos los asuntos que le afecten, teniendo especialmente en cuenta sus opiniones en funci\u00f3n de su edad y madurez (Art\u00edculo 12). Los pilares b\u00e1sicos de la Convenci\u00f3n son el derecho del menor a ser o\u00eddo, la no discriminaci\u00f3n, el derecho a la vida y el inter\u00e9s superior del menor. De igual modo, la Convenci\u00f3n establece el concepto de \u201cparticipaci\u00f3n\u201d como el intercambio de informaci\u00f3n, di\u00e1logo y opiniones entre menores y adultos.<\/p>\n<p><!--more--><\/p>\n<p>A nivel nacional y auton\u00f3mico, el Consejo de Participaci\u00f3n del Defensor del Menor de Andaluc\u00eda <em>E-Foro de Menores<\/em> se asienta en la Constituci\u00f3n Espa\u00f1ola, donde se establece que los poderes p\u00fablicos deben promover las condiciones para la participaci\u00f3n libre y eficaz de la juventud en el desarrollo pol\u00edtico, econ\u00f3mico y cultural(Art\u00edculo 48); en la Ley del Sistema de Protecci\u00f3n a la infancia y adolescencia (2015), que reconoce el derecho de las personas menores a participar plenamente en la vida social, cultural, art\u00edstica y recreativa de su entorno \u201cas\u00ed como a una incorporaci\u00f3n progresiva a la ciudadan\u00eda activa\u201d, instando a los poderes p\u00fablicos a promover la constituci\u00f3n de \u00f3rganos de participaci\u00f3n de menores; y, finalmente, en la Ley de los Derechos y Atenci\u00f3n al Menor de Andaluc\u00eda que establece que los poderes p\u00fablicos tendr\u00e1n en cuenta la capacidad del menor para participar en la construcci\u00f3n de una sociedad m\u00e1s justa, solidaria y democr\u00e1tica, as\u00ed como conocer la realidad en la que viven, descubrir sus problemas y aportar soluciones, instando a los poderes p\u00fablicos a promover la participaci\u00f3n y el asociacionismo de los ni\u00f1os y ni\u00f1as.<\/p>\n<p>Finalmente, el Consejo se asienta en la propia actividad del Defensor del Menor de Andaluc\u00eda, con el desarrollo de iniciativas divulgativas como el Premio del Defensor del Menor, para promover el conocimiento de sus derechos por las personas menores de edad; otros proyectos como distintos Foros de debate a trav\u00e9s de la p\u00e1gina web de la Instituci\u00f3n y, finalmente, la creaci\u00f3n del Consejo de Participaci\u00f3n del Defensor, denominado <em>E-Foro de Menores<\/em> (BOJA, 12 de diciembre de 2008).<\/p>\n<p><strong>Composici\u00f3n<\/strong><\/p>\n<p>El <em>E-Foro de Menores<\/em> est\u00e1 compuesto por:<\/p>\n<ul>\n<li>El Defensor del Menor de Andaluc\u00eda.<\/li>\n<li>La Adjunta designada por el Defensor.<\/li>\n<li>Consejeros y Consejeras, con un m\u00ednimo de 8 y un m\u00e1ximo de 16, seleccionados entre:<\/li>\n<\/ul>\n<p style=\"padding-left: 60px;\">-Alumnado elegido como representante en los Consejos Escolares o como delegados de grupo.<br \/>\n -Miembros electos de los Consejos Locales infantiles y juveniles constituidos en los Ayuntamientos de la Comunidad Aut\u00f3noma de Andaluc\u00eda.<br \/>\n -Ni\u00f1os y ni\u00f1as representantes de Asociaciones infantiles o juveniles de mayor implantaci\u00f3n en la Comunidad Aut\u00f3noma.<br \/>\n -Menores representantes de aquellas otras asociaciones o entidades que por sus caracter\u00edsticas e innovaci\u00f3n tengan una especial relevancia en el fomento de la participaci\u00f3n de las personas menores de edad.<\/p>\n<p>Como requisitos de composici\u00f3n se establece:<\/p>\n<ul>\n<li>Paridad entre ni\u00f1os y ni\u00f1as.<\/li>\n<li>Representaci\u00f3n de todas las provincias andaluzas.<\/li>\n<li>Representaci\u00f3n de los diversos sectores que conforman la pluralidad social de Andaluc\u00eda.<\/li>\n<\/ul>\n<p><strong>Funcionamiento<\/strong><\/p>\n<p>Los ni\u00f1os y ni\u00f1as que forman parte del Consejo se re\u00fanen con el Defensor del Menor, de modo presencial, una vez al a\u00f1o. El resto de las reuniones se celebran a trav\u00e9s de videoconferencia.<\/p>\n<p>El trabajo que desempe\u00f1a este \u00f3rgano as\u00ed como las conclusiones, recomendaciones y peticiones que formulan los Consejeros y Consejeras son recogidas en el Informe que anualmente presenta la Instituci\u00f3n al Parlamento de Andaluc\u00eda.<\/p>\n<p><a href=\"https:\/\/www.observatoriodelainfancia.es\/participanda\/hacia-un-proyecto-comun-de-participacion-infantil\/consejodefensordelmenor\/\" rel=\"attachment wp-att-607\"><img loading=\"lazy\" class=\"aligncenter  wp-image-607\" src=\"https:\/\/www.observatoriodelainfancia.es\/participanda\/wp-content\/uploads\/2017\/05\/ConsejoDefensordelMenor-300x221.png\" alt=\"e-Foro de Menores. Defensor del Menor de Andaluc\u00eda\" width=\"458\" height=\"337\" srcset=\"https:\/\/www.observatoriodelainfancia.es\/participanda\/wp-content\/uploads\/2017\/05\/ConsejoDefensordelMenor-300x221.png 300w, https:\/\/www.observatoriodelainfancia.es\/participanda\/wp-content\/uploads\/2017\/05\/ConsejoDefensordelMenor.png 425w\" sizes=\"(max-width: 458px) 100vw, 458px\" \/><\/a><\/p>\n<h2>Datos de contacto<\/h2>\n<p><a href=\"defensor@defensordelmenordeandalucia.es\" target=\"_blank\">defensor@defensordelmenordeandalucia.es<\/a><\/p>\n<p><a href=\"http:\/\/www.defensordelmenordeandalucia.es\/consejo-de-menores\" target=\"_blank\">http:\/\/www.defensordelmenordeandalucia.es\/consejo-de-menores<\/a><\/p>\n<h2>Documentos relacionados<\/h2>\n<ul>\n<li><a href=\"https:\/\/www.observatoriodelainfancia.es\/participanda\/wp-content\/uploads\/2017\/04\/HACIA-UN-PROYECTO-COM\u00daN-DE-PARTICIPACI\u00d3N-INFANTIL-EXPERIENCIA-DEL-DEFENSOR-DEL-MENOR-DE-ANDALUC\u00cdA.pdf\" target=\"_blank\">Hacia un proyecto com\u00fan de participaci\u00f3n infantil: experiencia del Defensor del Menor de Andaluc\u00eda<\/a><\/li>\n<\/ul>\n<p>&nbsp;<\/p>\n<p>Informaci\u00f3n recibida el 20 de noviembre, 2015<\/p>\n","protected":false},"excerpt":{"rendered":"<p>Impulsa: Defensor del Menor de Andaluc\u00eda El E-Foro de Menores es una inciativa participativa promovida por el Defensor del Menor de Andaluc\u00eda. Sus funciones son asesorar a la Instituci\u00f3n sobre cuantas cuestiones considere necesario someter a su consideraci\u00f3n, proponer proyectos y l\u00edneas de investigaci\u00f3n o actuaci\u00f3n sobre cuestiones que afecten a la defensa de los [&hellip;]<\/p>\n","protected":false},"author":2,"featured_media":0,"comment_status":"closed","ping_status":"open","sticky":false,"template":"","format":"standard","meta":[],"categories":[14,13,15,8],"tags":[],"_links":{"self":[{"href":"https:\/\/www.observatoriodelainfancia.es\/participanda\/wp-json\/wp\/v2\/posts\/264"}],"collection":[{"href":"https:\/\/www.observatoriodelainfancia.es\/participanda\/wp-json\/wp\/v2\/posts"}],"about":[{"href":"https:\/\/www.observatoriodelainfancia.es\/participanda\/wp-json\/wp\/v2\/types\/post"}],"author":[{"embeddable":true,"href":"https:\/\/www.observatoriodelainfancia.es\/participanda\/wp-json\/wp\/v2\/users\/2"}],"replies":[{"embeddable":true,"href":"https:\/\/www.observatoriodelainfancia.es\/participanda\/wp-json\/wp\/v2\/comments?post=264"}],"version-history":[{"count":17,"href":"https:\/\/www.observatoriodelainfancia.es\/participanda\/wp-json\/wp\/v2\/posts\/264\/revisions"}],"predecessor-version":[{"id":605,"href":"https:\/\/www.observatoriodelainfancia.es\/participanda\/wp-json\/wp\/v2\/posts\/264\/revisions\/605"}],"wp:attachment":[{"href":"https:\/\/www.observatoriodelainfancia.es\/participanda\/wp-json\/wp\/v2\/media?parent=264"}],"wp:term":[{"taxonomy":"category","embeddable":true,"href":"https:\/\/www.observatoriodelainfancia.es\/participanda\/wp-json\/wp\/v2\/categories?post=264"},{"taxonomy":"post_tag","embeddable":true,"href":"https:\/\/www.observatoriodelainfancia.es\/participanda\/wp-json\/wp\/v2\/tags?post=264"}],"curies":[{"name":"wp","href":"https:\/\/api.w.org\/{rel}","templated":true}]}}