{"id":2668,"date":"2026-01-26T15:41:05","date_gmt":"2026-01-26T14:41:05","guid":{"rendered":"https:\/\/www.observatoriodelainfancia.es\/participanda\/?p=2668"},"modified":"2026-01-27T12:10:32","modified_gmt":"2026-01-27T11:10:32","slug":"nuestra-voz-tambien-cuenta-vii-encuentro-provincial-de-consejos-de-infancia-y-adolescencia-de-cordoba","status":"publish","type":"post","link":"https:\/\/www.observatoriodelainfancia.es\/participanda\/nuestra-voz-tambien-cuenta-vii-encuentro-provincial-de-consejos-de-infancia-y-adolescencia-de-cordoba\/","title":{"rendered":"\u201cNuestra voz tambi\u00e9n cuenta\u201d: VII Encuentro Provincial de Consejos de Infancia y Adolescencia de C\u00f3rdoba"},"content":{"rendered":"\n<p align=\"justify\">\u00a0<\/p>\n<p align=\"justify\">El 22 de noviembre de 2025 se celebr\u00f3 en Castro del R\u00edo el VII Encuentro Provincial de Consejos Locales de Infancia y Adolescencia de C\u00f3rdoba con el lema \u201cNuestra voz tambi\u00e9n cuenta\u201d.<\/p>\n<p align=\"justify\"><!--more--><\/p>\n<p align=\"justify\">En \u00e9l participaron 83 ni\u00f1as, ni\u00f1os y adolescentes (53 ni\u00f1as y 30 ni\u00f1os) de 20 Consejos Locales de Infancia y Adolescencia de los municipios de Castro del R\u00edo, Alcaracejos, Cabra, Carcabuey, Dos Torres, El Guijo, Espejo, Fernan Nu\u00f1ez, Hornachuelos, La Carlota, Luque, Montilla, Nueva Carteya, Palma del R\u00edo, Pozoblanco, Priego, Puente Genil, Santa Eufemia, Santaella, Valenzuela. Como novedad, se cont\u00f3 tambi\u00e9n con la participaci\u00f3n de 13 j\u00f3venes (7 chicas y 6 chicos) miembros de Consejos Locales de Juventud de C\u00f3rdoba.<\/p>\n<p align=\"justify\">\u00a0<\/p>\n<p style=\"text-align: center;\" align=\"justify\"><iframe loading=\"lazy\" title=\"VII Encuentro Provincial de Consejos de Infancia y Adolescencia C\u00f3rdoba \u201cNuestra voz tambi\u00e9n cuenta\u201d\" width=\"500\" height=\"281\" src=\"https:\/\/www.youtube.com\/embed\/ycAFUoH-Qg4?feature=oembed\" frameborder=\"0\" allow=\"accelerometer; autoplay; clipboard-write; encrypted-media; gyroscope; picture-in-picture; web-share\" referrerpolicy=\"strict-origin-when-cross-origin\" allowfullscreen><\/iframe><\/p>\n<p align=\"justify\">\u00a0<\/p>\n<p align=\"justify\">El VII Encuentro se desarroll\u00f3 con el <b>objetivo <\/b>de compartir experiencias, reflexionar sobre sus derechos y construir propuestas para el futuro Plan Provincial de Infancia y Adolescencia de C\u00f3rdoba. Para ello, ni\u00f1as, ni\u00f1os y adolescentes debatieron sobre las 7 prioridades del <a href=\"https:\/\/www.observatoriodelainfancia.es\/oia\/esp\/plan_infancia2023.aspx\">III Plan de Infancia y Adolescencia de la Junta de Andaluc\u00eda<\/a>.<\/p>\n<p align=\"justify\"><b>La metodolog\u00eda <\/b>se bas\u00f3 en talleres y din\u00e1micas l\u00fadicas, en la participaci\u00f3n activa de ni\u00f1as, ni\u00f1os y adolescentes, la reflexi\u00f3n cr\u00edtica y la creatividad, a partir del di\u00e1logo o debate abierto y respetuoso, la puesta en com\u00fan de experiencias y la solidaridad.<\/p>\n<p align=\"justify\">\u00a0<\/p>\n<p align=\"justify\"><a href=\"https:\/\/www.observatoriodelainfancia.es\/participanda\/wp-content\/uploads\/2026\/01\/ECord255.png\"><img loading=\"lazy\" class=\"wp-image-2678  aligncenter\" src=\"https:\/\/www.observatoriodelainfancia.es\/participanda\/wp-content\/uploads\/2026\/01\/ECord255.png\" alt=\"\" width=\"438\" height=\"266\" srcset=\"https:\/\/www.observatoriodelainfancia.es\/participanda\/wp-content\/uploads\/2026\/01\/ECord255.png 311w, https:\/\/www.observatoriodelainfancia.es\/participanda\/wp-content\/uploads\/2026\/01\/ECord255-300x182.png 300w\" sizes=\"(max-width: 438px) 100vw, 438px\" \/><\/a><\/p>\n<p align=\"justify\">\u00a0<\/p>\n<p align=\"justify\">Respecto al <b>programa de actividades<\/b>, en primer lugar se dio a conocer el III Plan de Infancia y Adolescencia de Andaluc\u00eda en una din\u00e1mica con el conjunto de ni\u00f1os, ni\u00f1as y adolescentes participantes en el Encuentro, en la que elaboraron un mural colectivo con ideas y dibujos. Despu\u00e9s se dividieron en peque\u00f1os grupos para formar parte de siete talleres, uno por cada prioridad del III Plan de Infancia y Adolescencia de Andaluc\u00eda, que son: la lucha contra la pobreza y la exclusi\u00f3n, la mejora del sistema educativo, la salud mental y el bienestar emocional, la elaboraci\u00f3n de pol\u00edticas p\u00fablicas m\u00e1s coordinadas y eficaces, la prevenci\u00f3n de la violencia y las situaciones de riesgo, la participaci\u00f3n infantil y adolescente junto con los espacios de ocio, y el sistema de atenci\u00f3n y protecci\u00f3n a la infancia y la adolescencia. En cada taller expusieron ideas y debatieron propuestas a trav\u00e9s de din\u00e1micas como \u201cExplota la burbuja\u201d, \u201cMisi\u00f3n, escuela ideal\u201d, \u201cMapa de bienestar\u201d, \u201cEl mercado de las ideas\u201d, \u201cMochilas de historias\u201d y \u201cEspacios que inspiran\u201d.<\/p>\n<p align=\"justify\">\u00a0<\/p>\n<p><a href=\"https:\/\/www.observatoriodelainfancia.es\/participanda\/wp-content\/uploads\/2026\/01\/ECord251.png\"><img loading=\"lazy\" class=\"aligncenter wp-image-2673 \" src=\"https:\/\/www.observatoriodelainfancia.es\/participanda\/wp-content\/uploads\/2026\/01\/ECord251.png\" alt=\"\" width=\"439\" height=\"297\" srcset=\"https:\/\/www.observatoriodelainfancia.es\/participanda\/wp-content\/uploads\/2026\/01\/ECord251.png 414w, https:\/\/www.observatoriodelainfancia.es\/participanda\/wp-content\/uploads\/2026\/01\/ECord251-300x203.png 300w\" sizes=\"(max-width: 439px) 100vw, 439px\" \/><\/a><\/p>\n<p align=\"justify\">\u00a0<\/p>\n<p align=\"justify\">La jornada concluy\u00f3 con una puesta en com\u00fan donde cada grupo present\u00f3 una de las prioridades trabajadas y con la lectura del manifiesto que elaboraron colectivamente.<\/p>\n<p align=\"justify\">Algunas cuestiones fundamentales expresadas en el <b>Manifiesto del VII Encuentro Provincial de Consejos de Infancia y Adolescencia<\/b><b> de C\u00f3rdoba <\/b>son:<\/p>\n<ul>\n<li>\n<p align=\"justify\">Participar es un derecho. No es solo reunirnos, es poder opinar, decidir y hacer propuestas sobre lo que nos afecta. Cuando nos dejan participar, aprendemos a trabajar en equipo, a respetarnos y a cuidar nuestra sociedad.<\/p>\n<\/li>\n<li>\n<p align=\"justify\">Este encuentro es una oportunidad para aprender colectivamente, conocer c\u00f3mo trabajan otros consejos, para descubrir nuevas ideas, etc. Formamos parte de una red que une a ni\u00f1os, ni\u00f1as y adolescentes de toda la provincia y que quiere construir un futuro m\u00e1s justo.<\/p>\n<\/li>\n<li>\n<p align=\"justify\">A las personas adultas les pedimos algo importante: que nos escuchen de verdad. Escuchar significa prestar atenci\u00f3n a lo que decimos, confiar en los ni\u00f1os, ni\u00f1as y adolescentes y dejarnos participar en las decisiones.<\/p>\n<\/li>\n<li>\n<p align=\"justify\">Queremos seguir participando con respeto e ilusi\u00f3n, cuidando nuestras palabras, ayud\u00e1ndonos y demostrando que los ni\u00f1os, ni\u00f1as y adolescentes tambi\u00e9n podemos ser l\u00edderes y protagonistas del cambio.<\/p>\n<\/li>\n<li>\n<p align=\"justify\">queremos una provincia donde se nos tenga en cuenta, donde podamos opinar, crear y so\u00f1ar juntos\/as. Porque cuando los ni\u00f1os y ni\u00f1as participamos, todo mejora.<\/p>\n<\/li>\n<\/ul>\n<p>\u00a0<\/p>\n<p align=\"justify\"><a href=\"https:\/\/www.observatoriodelainfancia.es\/participanda\/wp-content\/uploads\/2026\/01\/ECord256.png\"><img loading=\"lazy\" class=\"aligncenter wp-image-2679 \" src=\"https:\/\/www.observatoriodelainfancia.es\/participanda\/wp-content\/uploads\/2026\/01\/ECord256.png\" alt=\"\" width=\"438\" height=\"254\" srcset=\"https:\/\/www.observatoriodelainfancia.es\/participanda\/wp-content\/uploads\/2026\/01\/ECord256.png 362w, https:\/\/www.observatoriodelainfancia.es\/participanda\/wp-content\/uploads\/2026\/01\/ECord256-300x174.png 300w\" sizes=\"(max-width: 438px) 100vw, 438px\" \/><\/a><\/p>\n<p align=\"justify\">\u00a0<\/p>\n<p align=\"justify\">Este encuentro se llevo a cabo en el IES ATEGUA, espacio cedido por el Ayuntamiento de Castro del R\u00edo. La Entidad cordobesa adjudicataria del desarrollo del VII Encuentro ha sido la cordobesa Chachi Piruli.<\/p>\n<p align=\"justify\">Para conocer mejor qu\u00e9 pas\u00f3 en el VII Encuentro, la metodolog\u00eda y las din\u00e1micas desarrolladas se puede consultar la Memoria del VII Encuentro Provincial de CLIAs de C\u00f3rdoba.<\/p>\n<p align=\"justify\"><b>Documentos<\/b><\/p>\n<p><a href=\"https:\/\/www.observatoriodelainfancia.es\/participanda\/wp-content\/uploads\/2026\/01\/Memoria-VII-encuentro_2025CLIACordoba2025.pdf\" target=\"_blank\" rel=\"noopener\">Memoria del VII Encuentro Provincial de CLIAs de C\u00f3rdoba<\/a><\/p>\n<p>\u00a0<\/p>\n<table class=\"alignleft\" style=\"width: 100%; height: 362px;\" border=\"2\">\n<tbody>\n<tr style=\"height: 50px;\">\n<td style=\"height: 17px; width: 18.6905%;\"><strong>Entidad impulsora<\/strong><\/td>\n<td style=\"width: 80.119%; height: 17px;\" width=\"637\">\n<p>Servicio de Prevenci\u00f3n y Apoyo a la Familia de C\u00f3rdoba, Delegaci\u00f3n Territorial en C\u00f3rdoba de la Consejer\u00eda de Inclusi\u00f3n Social, Juventud, Familias e Igualdad.<\/p>\n<\/td>\n<\/tr>\n<tr style=\"height: 50px;\">\n<td style=\"height: 50px; width: 18.6905%;\"><strong>Nombre de la iniciativa<\/strong><\/td>\n<td style=\"width: 80.119%; height: 50px;\" width=\"637\" height=\"39\">\n<p>VII Encuentro Provincial de Consejos Locales de Infancia y Adolescencia de C\u00f3rdoba.<\/p>\n<\/td>\n<\/tr>\n<tr style=\"height: 27px;\">\n<td style=\"height: 27px; width: 18.6905%;\"><strong>Contacto<\/strong><\/td>\n<td style=\"width: 80.119%; height: 27px;\" width=\"637\" height=\"13\">\n<p>Servicio de Prevenci\u00f3n y Apoyo a la Familia de C\u00f3rdoba.<\/p>\n<\/td>\n<\/tr>\n<tr style=\"height: 27px;\">\n<td style=\"height: 10px; width: 18.6905%;\"><strong>Correo electr\u00f3nico<\/strong><\/td>\n<td style=\"width: 80.119%; height: 10px;\" width=\"637\" height=\"9\">\n<p><span style=\"color: #000000;\">svprevenco.cisjufi@juntadeandalucia.es<\/span><\/p>\n<\/td>\n<\/tr>\n<tr style=\"height: 50px;\">\n<td style=\"height: 52px; width: 18.6905%;\"><strong>Edad de poblaci\u00f3n participante<\/strong><\/td>\n<td style=\"height: 52px; width: 80.119%;\">De 6 a 17 a\u00f1os.<\/td>\n<\/tr>\n<tr style=\"height: 50px;\">\n<td style=\"height: 50px; width: 18.6905%;\"><strong>Poblaci\u00f3n a la que va dirigida<\/strong><\/td>\n<td style=\"height: 50px; width: 80.119%;\">Toda la poblaci\u00f3n.<\/td>\n<\/tr>\n<tr style=\"height: 27px;\">\n<td style=\"height: 27px; width: 18.6905%;\"><strong>Pa\u00eds<\/strong><\/td>\n<td style=\"height: 27px; width: 80.119%;\">Espa\u00f1a.<\/td>\n<\/tr>\n<tr style=\"height: 50px;\">\n<td style=\"height: 50px; width: 18.6905%;\"><strong>Comunidad Aut\u00f3noma<\/strong><\/td>\n<td style=\"height: 50px; width: 80.119%;\">Andaluc\u00eda.<\/td>\n<\/tr>\n<tr style=\"height: 27px;\">\n<td style=\"height: 27px; width: 18.6905%;\"><strong>Localidad<\/strong><\/td>\n<td style=\"width: 80.119%;\" width=\"637\">\n<p>Castro del R\u00edo (C\u00f3rdoba).<\/p>\n<\/td>\n<\/tr>\n<tr style=\"height: 72px;\">\n<td style=\"height: 52px; width: 18.6905%;\"><strong>Fecha de recepci\u00f3n<\/strong><\/td>\n<td style=\"height: 52px; width: 80.119%;\">\n<p>Noviembre de 2025.<\/p>\n<\/td>\n<\/tr>\n<\/tbody>\n<\/table>\n","protected":false},"excerpt":{"rendered":"<p>\u00a0 El 22 de noviembre de 2025 se celebr\u00f3 en Castro del R\u00edo el VII Encuentro Provincial de Consejos Locales de Infancia y Adolescencia de C\u00f3rdoba con el lema \u201cNuestra voz tambi\u00e9n cuenta\u201d.<\/p>\n","protected":false},"author":5,"featured_media":2691,"comment_status":"closed","ping_status":"open","sticky":false,"template":"","format":"standard","meta":[],"categories":[24,14,12,13,8],"tags":[],"_links":{"self":[{"href":"https:\/\/www.observatoriodelainfancia.es\/participanda\/wp-json\/wp\/v2\/posts\/2668"}],"collection":[{"href":"https:\/\/www.observatoriodelainfancia.es\/participanda\/wp-json\/wp\/v2\/posts"}],"about":[{"href":"https:\/\/www.observatoriodelainfancia.es\/participanda\/wp-json\/wp\/v2\/types\/post"}],"author":[{"embeddable":true,"href":"https:\/\/www.observatoriodelainfancia.es\/participanda\/wp-json\/wp\/v2\/users\/5"}],"replies":[{"embeddable":true,"href":"https:\/\/www.observatoriodelainfancia.es\/participanda\/wp-json\/wp\/v2\/comments?post=2668"}],"version-history":[{"count":27,"href":"https:\/\/www.observatoriodelainfancia.es\/participanda\/wp-json\/wp\/v2\/posts\/2668\/revisions"}],"predecessor-version":[{"id":2744,"href":"https:\/\/www.observatoriodelainfancia.es\/participanda\/wp-json\/wp\/v2\/posts\/2668\/revisions\/2744"}],"wp:featuredmedia":[{"embeddable":true,"href":"https:\/\/www.observatoriodelainfancia.es\/participanda\/wp-json\/wp\/v2\/media\/2691"}],"wp:attachment":[{"href":"https:\/\/www.observatoriodelainfancia.es\/participanda\/wp-json\/wp\/v2\/media?parent=2668"}],"wp:term":[{"taxonomy":"category","embeddable":true,"href":"https:\/\/www.observatoriodelainfancia.es\/participanda\/wp-json\/wp\/v2\/categories?post=2668"},{"taxonomy":"post_tag","embeddable":true,"href":"https:\/\/www.observatoriodelainfancia.es\/participanda\/wp-json\/wp\/v2\/tags?post=2668"}],"curies":[{"name":"wp","href":"https:\/\/api.w.org\/{rel}","templated":true}]}}