{"id":917,"date":"2017-12-07T16:21:17","date_gmt":"2017-12-07T15:21:17","guid":{"rendered":"http:\/\/www.observatoriodelainfancia.es\/participanda\/?p=917"},"modified":"2017-12-22T14:22:08","modified_gmt":"2017-12-22T13:22:08","slug":"junta-de-vecinos-de-aldeas-infantiles","status":"publish","type":"post","link":"https:\/\/www.observatoriodelainfancia.es\/participanda\/junta-de-vecinos-de-aldeas-infantiles\/","title":{"rendered":"Junta de Vecinos de Aldeas Infantiles"},"content":{"rendered":"<h2>Impulsa: Aldeas Infantiles SOS<\/h2>\n<p>La Junta de Vecinos es el \u00f3rgano representativo de la Comunidad de la Aldea encargados de gestionar y procurar el buen funcionamiento de la misma. La Comunidad est\u00e1 formada por todos los residentes y no residentes de los diferentes elementos que la integran: las doce casas, la oficina, la casa del director\/a y la del mantenedor.<\/p>\n<p>Por su parte, la Junta Directiva est\u00e1 formada por el Presidente\/a, Vicepresidente\/a, Secretario\/a y tres vocales, contando adem\u00e1s con el apoyo externo de un miembro de la Oficina. Cada uno de estos cargos tienen sus funciones recogidas en los Estatutos.<\/p>\n<p>Para formar parte de la misma y desempe\u00f1ar las funciones correspondientes es imprescindible cumplir dos requisitos b\u00e1sicos:<\/p>\n<ol>\n<li>Cumplir los trece a\u00f1os antes del 31 de diciembre del a\u00f1o en vigor.<\/li>\n<li>Adecuar su conducta a las normas b\u00e1sicas de convivencia y no incurrir de forma reiterada en comportamientos tipificados como graves o muy graves por el Reglamento de Organizaci\u00f3n y Funcionamiento (ROF) de Aldeas Infantiles.<\/li>\n<\/ol>\n<p><iframe loading=\"lazy\" src=\"\/\/www.youtube.com\/embed\/5TzPQeKCACM\" width=\"854\" height=\"480\" frameborder=\"0\" allowfullscreen=\"allowfullscreen\"><\/iframe><\/p>\n<p>Mar\u00eda del Mar Lindez (\u00c1rea de Infancia, Juventud y Familias de Aldeas Infantiles) en la mesa: Espacio de experiencias en la participaci\u00f3n de la infancia del XI Foro Andaluz de la Infancia.<\/p>\n<p><!--more--><\/p>\n<p><iframe loading=\"lazy\" src=\"\/\/www.youtube.com\/embed\/aYZDOvUWVmk\" width=\"854\" height=\"480\" frameborder=\"0\" allowfullscreen=\"allowfullscreen\"><\/iframe><\/p>\n<p>Emilio Quintanilla Azzarelli. Psic\u00f3logo. La participaci\u00f3n infantil en acogimiento residencial: Aldeas Infantiles SOS. Granada.<\/p>\n<h2>\u00bfC\u00f3mo surge esta iniciativa?<\/h2>\n<p>Desde su creaci\u00f3n en el a\u00f1o 2007, la Comunidad de Vecinos se erige en un foro de participaci\u00f3n que permite fortalecer y mantener los v\u00ednculos de convivencia, as\u00ed como mejorar la organizaci\u00f3n y gesti\u00f3n de los espacios comunes.<\/p>\n<p> Para desarrollar estas intervenciones, contamos con el apoyo de unos estatutos para la organizaci\u00f3n de nuestra Comunidad, en la que se recoge una serie de informaciones, consejos y normas que faciliten una mejor convivencia. La intenci\u00f3n es proporcionar una herramienta de informaci\u00f3n, formaci\u00f3n y pauta organizativa que permita gestionar las situaciones ordinarias y aquellas otras susceptibles de generar conflictos o que ya los est\u00e9n provocando.<\/p>\n<h2>Descripcion del proyecto<\/h2>\n<p>El objetivo de la comunidad es velar por los derechos y deberes de todos los vecinos y organizar los aspectos relacionados con la convivencia y la adecuada utilizaci\u00f3n de los servicios y elementos comunes. Se tratar\u00e1n en todo momento temas de inter\u00e9s general, en ning\u00fan momento cuestiones particulares de las casas.<\/p>\n<p>Al mismo tiempo, a trav\u00e9s de la Comunidad de Vecinos otros grupos o comisiones de la Aldea, tambi\u00e9n formadas por ni\u00f1os, ni\u00f1as y j\u00f3venes, tienen la oportunidad de informar del trabajo que vienen realizando. Los principales grupos actualmente en funcionamiento son: ROF, ALDEALEC (Animaci\u00f3n a la Lectura), Comit\u00e9 de Buenas Pr\u00e1cticas, Naturaleza Educa, Mediaci\u00f3n y Comisi\u00f3n de Fiestas.<\/p>\n<p>La experiencia va dirigida a toda la poblaci\u00f3n de la Aldea, tanto ni\u00f1os y ni\u00f1as como educadores.<\/p>\n<h4>Recomendaciones para la implicaci\u00f3n de los vecinos y vecinas<\/h4>\n<p>&#8211; Es importante hacer participar e informar a todos los vecinos y vecinas, adecuando dicha informaci\u00f3n en el caso de los m\u00e1s peque\u00f1os (menores de doce a\u00f1os, sobre todo) y aquellos con caracter\u00edsticas especiales.<\/p>\n<p> &#8211; Puede ser \u00fatil un protocolo de bienvenida donde los miembros de la Junta Directiva presenten al reci\u00e9n llegado las normas de convivencia.<\/p>\n<p> &#8211; Invitar a las asambleas a aquellos miembros no residentes de la Comunidad como personal de la guarder\u00eda, ya que as\u00ed se favorecer\u00e1 el di\u00e1logo y la aceptaci\u00f3n de los acuerdos tomados. <br \/>\n \u00a0<br \/>\n &#8211; Informar de los acuerdos tomados y de la convocatoria de asamblea, intentando mejorar los canales de comunicaci\u00f3n: personalmente, tabl\u00f3n de anuncios, carta individualizada, correo electr\u00f3nico, etc.<\/p>\n<p> &#8211; Se valora la cercan\u00eda y disponibilidad de los miembros de la Comunidad para estar atentos y presentar iniciativas.<\/p>\n<h2>Lugar<\/h2>\n<p>Granada, Andaluc\u00eda, Espa\u00f1a.<\/p>\n<h2>Datos de contacto<\/h2>\n<p>Jos\u00e9 Antonio Zald\u00edvar \u00c1lvarez<\/p>\n<p><a href=\"mailto:jzaldivar@aldeasinfantiles.es\" target=\"_blank\">jzaldivar@aldeasinfantiles.es<\/a><\/p>\n<p><a href=\"https:\/\/www.aldeasinfantiles.es\/\">https:\/\/www.aldeasinfantiles.es\/<\/a><\/p>\n<h2>Otros Posts Relacionados<\/h2>\n<p><a href=\"https:\/\/www.observatoriodelainfancia.es\/participanda\/aldeas-infantiles-sos-granada\/\">Programa Naturaleza Educa<\/a><\/p>\n<p><a href=\"https:\/\/www.observatoriodelainfancia.es\/participanda\/mediacion-convivencia\/\">Grupo Mediaci\u00f3n Convivencia<\/a><\/p>\n<p>Informaci\u00f3n recibida el 24 de noviembre de 2015.<\/p>\n","protected":false},"excerpt":{"rendered":"<p>Impulsa: Aldeas Infantiles SOS La Junta de Vecinos es el \u00f3rgano representativo de la Comunidad de la Aldea encargados de gestionar y procurar el buen funcionamiento de la misma. La Comunidad est\u00e1 formada por todos los residentes y no residentes de los diferentes elementos que la integran: las doce casas, la oficina, la casa del [&hellip;]<\/p>\n","protected":false},"author":3,"featured_media":0,"comment_status":"closed","ping_status":"open","sticky":false,"template":"","format":"standard","meta":[],"categories":[14,13,15,7],"tags":[],"_links":{"self":[{"href":"https:\/\/www.observatoriodelainfancia.es\/participanda\/wp-json\/wp\/v2\/posts\/917"}],"collection":[{"href":"https:\/\/www.observatoriodelainfancia.es\/participanda\/wp-json\/wp\/v2\/posts"}],"about":[{"href":"https:\/\/www.observatoriodelainfancia.es\/participanda\/wp-json\/wp\/v2\/types\/post"}],"author":[{"embeddable":true,"href":"https:\/\/www.observatoriodelainfancia.es\/participanda\/wp-json\/wp\/v2\/users\/3"}],"replies":[{"embeddable":true,"href":"https:\/\/www.observatoriodelainfancia.es\/participanda\/wp-json\/wp\/v2\/comments?post=917"}],"version-history":[{"count":11,"href":"https:\/\/www.observatoriodelainfancia.es\/participanda\/wp-json\/wp\/v2\/posts\/917\/revisions"}],"predecessor-version":[{"id":976,"href":"https:\/\/www.observatoriodelainfancia.es\/participanda\/wp-json\/wp\/v2\/posts\/917\/revisions\/976"}],"wp:attachment":[{"href":"https:\/\/www.observatoriodelainfancia.es\/participanda\/wp-json\/wp\/v2\/media?parent=917"}],"wp:term":[{"taxonomy":"category","embeddable":true,"href":"https:\/\/www.observatoriodelainfancia.es\/participanda\/wp-json\/wp\/v2\/categories?post=917"},{"taxonomy":"post_tag","embeddable":true,"href":"https:\/\/www.observatoriodelainfancia.es\/participanda\/wp-json\/wp\/v2\/tags?post=917"}],"curies":[{"name":"wp","href":"https:\/\/api.w.org\/{rel}","templated":true}]}}